{"id":25439,"date":"2020-05-13T13:59:50","date_gmt":"2020-05-13T11:59:50","guid":{"rendered":"http:\/\/mosir-ketrzyn.pl\/?p=25439"},"modified":"2025-05-09T12:23:44","modified_gmt":"2025-05-09T10:23:44","slug":"historia-ketrzynskiego-sportu-ketrzynski-klub-sportowy-granica-cz-ii","status":"publish","type":"post","link":"https:\/\/www.mosir-ketrzyn.pl\/index.php\/2020\/05\/13\/historia-ketrzynskiego-sportu-ketrzynski-klub-sportowy-granica-cz-ii\/","title":{"rendered":"Historia k\u0119trzy\u0144skiego sportu. K\u0119trzy\u0144ski Klub Sportowy Granica \u2013 cz. II"},"content":{"rendered":"<div class=\"wpb-content-wrapper\"><p>[vc_row][vc_column][vc_column_text css=&#8221;&#8221;]<\/p>\n<h4 style=\"text-align: center;\"><strong>Co \u0142\u0105czy Granic\u0119 z Ostr\u00f3d\u0105?<\/strong><\/h4>\n<p><strong>Jak wcze\u015bniej zaznaczy\u0142em pocz\u0105tki dzia\u0142alno\u015bci Klubu na ziemi k\u0119trzy\u0144skiej nie by\u0142y \u0142atwe.&nbsp; Trudno z ca\u0142\u0105 pewno\u015bci\u0105 stwierdzi\u0107 co by\u0142o g\u0142\u00f3wna przyczyn\u0105 k\u0142opot\u00f3w i problem\u00f3w, ale wydaje si\u0119, \u017ce przede wszystkim brak stabilnej kadry zespo\u0142u oraz cz\u0119ste absencje zawodnik\u00f3w na treningach&nbsp; i meczach.<\/strong><\/p>\n<p>Wynika\u0142y one z faktu, \u017ce zawodnicy przede wszystkim byli \u017co\u0142nierzami, kt\u00f3rych obowi\u0105zki s\u0142u\u017cbowe bardzo cz\u0119sto zmusza\u0142y do wyjazd\u00f3w&nbsp; w tzw. \u201eteren\u201d. Sytuacja, kiedy zesp\u00f3\u0142 oparty o \u017co\u0142nierzy stosunkowo kr\u00f3tko ( oko\u0142o&nbsp; 2 lata )&nbsp; przebywaj\u0105cych w K\u0119trzynie i opuszczaj\u0105cych go po&nbsp; zako\u0144czeniu s\u0142u\u017cby, nie sprzyja\u0142 procesowi budowy silnej, w d\u0142u\u017cszym przedziale czasowym dru\u017cyny.<\/p>\n<p>O ile w roku 1948 Granica ostatecznie&nbsp; zg\u0142osi\u0142a&nbsp; sw\u00f3j akces gry w klasie A, kt\u00f3ry mimo sprzeciwu niekt\u00f3rych klub\u00f3w zosta\u0142 ostatecznie zaakceptowany przez Mazurski ZPN, to jednak pierwszy mecz ligowy z ZZK Ostr\u00f3da zaplanowany na 04.04.1948 zako\u0144czy\u0142 si\u0119 \u2026.. wycofaniem zespo\u0142u z rozgrywek na tym poziomie i zg\u0142oszeniem go do rozgrywek klasy B. W ich fazie fina\u0142owej, kt\u00f3ra rozpocz\u0119\u0142a si\u0119 29 czerwca, Granica rywalizowa\u0142a&nbsp;&nbsp; ze zwyci\u0119zcami pozosta\u0142ych 4 grup, tj. WKS Sturm Mr\u0105gowo, ZKS Pocztowiec Olsztyn, WKS Salwa Mor\u0105g&nbsp; i WKS Stra\u017cnica Ostr\u00f3da. Mimo braku ostatecznych wynik\u00f3w tej rywalizacji, z lektury kolejnych publikacji prasowych wynika, \u017ce uzyska\u0142a ona awans do rozgrywek klasy A w roku 1949, jednak wobec wspomnianych wy\u017cej problem\u00f3w, k\u0119trzynianie zg\u0142osili si\u0119 ponownie tylko do klasy B.<\/p>\n<div id=\"attachment_25447\" style=\"width: 1034px\" class=\"wp-caption alignleft\"><img loading=\"lazy\" decoding=\"async\" aria-describedby=\"caption-attachment-25447\" class=\"wp-image-25447 size-full\" src=\"https:\/\/www.mosir-ketrzyn.pl\/wp-content\/uploads\/2020\/05\/Pilkarze-Granicy-z-1948-r-1024x769-1.jpg\" alt=\"\" width=\"1024\" height=\"769\" srcset=\"https:\/\/www.mosir-ketrzyn.pl\/wp-content\/uploads\/2020\/05\/Pilkarze-Granicy-z-1948-r-1024x769-1.jpg 1024w, https:\/\/www.mosir-ketrzyn.pl\/wp-content\/uploads\/2020\/05\/Pilkarze-Granicy-z-1948-r-1024x769-1-300x225.jpg 300w, https:\/\/www.mosir-ketrzyn.pl\/wp-content\/uploads\/2020\/05\/Pilkarze-Granicy-z-1948-r-1024x769-1-768x577.jpg 768w\" sizes=\"auto, (max-width: 1024px) 100vw, 1024px\" \/><p id=\"caption-attachment-25447\" class=\"wp-caption-text\">Pi\u0142karze Granicy, 1948<\/p><\/div>\n<p>Jak zaznaczy\u0142em na wst\u0119pie \u201ekorzenie\u201d dzisiejszej Granicy si\u0119ga\u0142y nie tylko&nbsp; Olsztyna, ale r\u00f3wnie\u017c Ostr\u00f3dy. Ma to zwi\u0105zek z powo\u0142anym tam w dniu&nbsp; 21 wrze\u015bnia 1946 r. Centrum Wyszkolenia Wojsk Ochrony Pogranicza, kt\u00f3rego, s\u0142uchacze swoj\u0105&nbsp; aktywno\u015b\u0107 sportow\u0105 realizowali pocz\u0105tkowo poprzez wsp\u00f3\u0142prac\u0119 z ZZK Kolejarz Ostr\u00f3da, ale p\u00f3\u017aniej w roku 1947 usamodzielnili si\u0119 i jako WKS Centrum uczestniczyli&nbsp;&nbsp; w rozgrywkach pi\u0142karskich&nbsp; klasy \u201eB\u201d . W marcu 1948 r.&nbsp; dokonano zmiany&nbsp; nazwy klubu na WKS Stra\u017cnica. W tym samym roku Centrum Wyszkolenia zostaje zreorganizowane i przeniesione ( wraz z klubem) do K\u0119trzyna, aby w&nbsp; we wrze\u015bniu&nbsp; roku 1949 sta\u0107 si\u0119 Oficersk\u0105 Szko\u0142\u0105 WOP. Tym samym na terenie kompleksu koszarowego przy dzisiejszej ulicy genera\u0142a W\u0142adys\u0142awa Sikorskiego znalaz\u0142y si\u0119 dwie jednostki organizacyjne WOP, tj. 7 Brygada WOP i Oficerska Szko\u0142a WOP, a wraz z nimi funkcjonuj\u0105ce w ich ramach struktury sportowe.<\/p>\n<div id=\"attachment_25450\" style=\"width: 1034px\" class=\"wp-caption alignleft\"><img loading=\"lazy\" decoding=\"async\" aria-describedby=\"caption-attachment-25450\" class=\"wp-image-25450 size-full\" src=\"https:\/\/www.mosir-ketrzyn.pl\/wp-content\/uploads\/2020\/05\/Druzyna-Gwardii-Ketrzyn-z-1949-r-1024x641-1.jpg\" alt=\"\" width=\"1024\" height=\"641\" srcset=\"https:\/\/www.mosir-ketrzyn.pl\/wp-content\/uploads\/2020\/05\/Druzyna-Gwardii-Ketrzyn-z-1949-r-1024x641-1.jpg 1024w, https:\/\/www.mosir-ketrzyn.pl\/wp-content\/uploads\/2020\/05\/Druzyna-Gwardii-Ketrzyn-z-1949-r-1024x641-1-300x188.jpg 300w, https:\/\/www.mosir-ketrzyn.pl\/wp-content\/uploads\/2020\/05\/Druzyna-Gwardii-Ketrzyn-z-1949-r-1024x641-1-768x481.jpg 768w\" sizes=\"auto, (max-width: 1024px) 100vw, 1024px\" \/><p id=\"caption-attachment-25450\" class=\"wp-caption-text\">Dru\u017cyna Gwardii K\u0119trzyn, 1949<\/p><\/div>\n<p>Wej\u015bcie w roku 1949 ustawy w sprawie kultury&nbsp; fizycznej i sportu zerwa\u0142o ze sportowymi tradycjami II Rzeczpospolitej, wprowadzaj\u0105c w ich miejsce wzorce obowi\u0105zuj\u0105ce w \u00f3wczesnym ZSRR.&nbsp; Podstaw\u0119 stanowi\u0142 sport szkolny, a w dalszej perspektywie bran\u017cowe zrzeszenia sportowe, finansowane i kontrolowane na wszystkich szczeblach&nbsp; przez pa\u0144stwo. W roku 1948 Wojska Ochrony Pogranicza w\u0142\u0105czono do Ministerstwu Bezpiecze\u0144stwa Publicznego ( odpowiednik obecnego&nbsp; MSWiA) i w zwi\u0105zku z tym struktury sportowe funkcjonuj\u0105ce w jednostkach&nbsp; mu podleg\u0142ych podporz\u0105dkowano Zrzeszeniu Sportowemu Gwardia.<\/p>\n<div id=\"attachment_25449\" style=\"width: 196px\" class=\"wp-caption alignright\"><img loading=\"lazy\" decoding=\"async\" aria-describedby=\"caption-attachment-25449\" class=\"wp-image-25449 size-medium\" src=\"https:\/\/www.mosir-ketrzyn.pl\/wp-content\/uploads\/2020\/05\/Lekkoatleci-z-1953-r-635x1024-1-186x300.jpg\" alt=\"\" width=\"186\" height=\"300\" srcset=\"https:\/\/www.mosir-ketrzyn.pl\/wp-content\/uploads\/2020\/05\/Lekkoatleci-z-1953-r-635x1024-1-186x300.jpg 186w, https:\/\/www.mosir-ketrzyn.pl\/wp-content\/uploads\/2020\/05\/Lekkoatleci-z-1953-r-635x1024-1.jpg 635w\" sizes=\"auto, (max-width: 186px) 100vw, 186px\" \/><p id=\"caption-attachment-25449\" class=\"wp-caption-text\">Lekkoatleci, 1953<\/p><\/div>\n<p>Zar\u00f3wno WKS Granica jak i WKS Stra\u017cnica zmuszone by\u0142y zmieni\u0107 dotychczasowe nazwy i przyj\u0105\u0107 narzucony odg\u00f3rnie&nbsp; \u201eszyld\u201d Zrzeszenie Sportowe Gwardia, przy czym w Brygadzie WOP by\u0142o to Zrzeszenie Sportowe&nbsp; Gwardia nr 1, natomiast przy Szkole Oficerskiej WOP numer 2.&nbsp; Jeszcze w grudniu 1949 r. ko\u0142o dzia\u0142aj\u0105ce przy OSWOP powo\u0142a\u0142o&nbsp; do \u017cycia nast\u0119puj\u0105ce sekcje sportowe: lekkoatletyki i p\u0142ywanie, gimnastyki, pi\u0142ki no\u017cnej, boksu, tenisa sto\u0142owego i gier sportowych. W dalszym ci\u0105gu z k\u0142opotami boryka\u0142a si\u0119 dru\u017cyna pi\u0142ki no\u017cnej, bior\u0105ca w roku 1950 udzia\u0142 w rozgrywkach klasy A, kt\u00f3r\u0105 w czasie trwania sezonu wycofano z gry. Prawdopodobnie by\u0142o to skutkiem braku porozumienia i wsp\u00f3\u0142pracy mi\u0119dzy w\u0142adzami k\u00f3\u0142 w tej dziedzinie sportu. M\u00f3wi\u0105c o ostr\u00f3dzkich \u201ekorzeniach\u201d&nbsp; Granicy, trzeba w tym miejscu zaznaczy\u0107, \u017ce tak naprawd\u0119 dopiero w roku 1957 wplot\u0142y si\u0119 one w histori\u0119 k\u0119trzy\u0144skiej Granicy. Sta\u0142o si\u0119 to za spraw\u0105 zmian organizacyjnych w strukturze k\u0119trzy\u0144skiego WOP \u2013 u, w ramach kt\u00f3rych w miejsce dotychczasowej Brygady powo\u0142ano do \u017cycia K\u0119trzy\u0144ski Oddzia\u0142 WOP. Jego nieliczne stany osobowe, a tak\u017ce zakres zada\u0144, kt\u00f3re przed sta\u0142y, nie dawa\u0142y mo\u017cliwo\u015bci prowadzenia klubowej dzia\u0142alno\u015bci sportowej, co spowodowa\u0142o zaniechanie&nbsp; dzia\u0142alno\u015bci ko\u0142a nr 1. Jego dorobek i potencja\u0142 kadrowo \u2013 zawodniczy przej\u0119\u0142o ko\u0142o nr 2&nbsp; przy OSWOP.<\/p>\n<div id=\"attachment_25448\" style=\"width: 222px\" class=\"wp-caption alignleft\"><img loading=\"lazy\" decoding=\"async\" aria-describedby=\"caption-attachment-25448\" class=\"wp-image-25448 size-medium\" src=\"https:\/\/www.mosir-ketrzyn.pl\/wp-content\/uploads\/2020\/05\/Pamiatkowy-dyplom-z-1956-r-723x1024-1-212x300.jpg\" alt=\"\" width=\"212\" height=\"300\" srcset=\"https:\/\/www.mosir-ketrzyn.pl\/wp-content\/uploads\/2020\/05\/Pamiatkowy-dyplom-z-1956-r-723x1024-1-212x300.jpg 212w, https:\/\/www.mosir-ketrzyn.pl\/wp-content\/uploads\/2020\/05\/Pamiatkowy-dyplom-z-1956-r-723x1024-1.jpg 723w\" sizes=\"auto, (max-width: 212px) 100vw, 212px\" \/><p id=\"caption-attachment-25448\" class=\"wp-caption-text\">Pami\u0105tkowy dyplom z 1956<\/p><\/div>\n<p>Klub Granica, kt\u00f3ry do swej pierwotnej nazwy powr\u00f3ci\u0142 dopiero 5 sierpnia 1957 roku,&nbsp; oparty&nbsp; zosta\u0142a zatem o potencja\u0142 ludzki Oficerskiej Szko\u0142y WOP, uzupe\u0142niany okazjonalnie wyr\u00f3\u017cniaj\u0105cymi si\u0119 sportowcami Oddzia\u0142u oraz po raz pierwszy w swej dotychczasowej historii cywilnymi mieszka\u0144cami miasta i okolic. Poza zmian\u0105 nazwy i powrotem do historycznej nazwy klubu, \u00f3wcze\u015bni dzia\u0142acze zdecydowali o tym, ze Granica pozostanie w Federacji Klub\u00f3w Sportowych Gwardia. W Klubie dzia\u0142a\u0142y w\u00f3wczas nast\u0119puj\u0105ce sekcje sportowe:&nbsp;&nbsp; pi\u0142ki no\u017cnej, pi\u0142ki siatkowej, pi\u0142ki r\u0119cznej, strzelecka, bokserska, cho\u0107 nale\u017cy doda\u0107, \u017ce we wcze\u015bniejszym okresie, poza ju\u017c wymienionymi dzia\u0142a\u0142y r\u00f3wnie\u017c sekcje: hokeja na lodzie, koszyk\u00f3wki czy judo.<\/p>\n<div id=\"attachment_25443\" style=\"width: 275px\" class=\"wp-caption alignright\"><img loading=\"lazy\" decoding=\"async\" aria-describedby=\"caption-attachment-25443\" class=\"wp-image-25443 size-medium\" src=\"https:\/\/www.mosir-ketrzyn.pl\/wp-content\/uploads\/2020\/05\/Podnoszenie-ciezarow-1954-r-265x300.jpg\" alt=\"\" width=\"265\" height=\"300\" srcset=\"https:\/\/www.mosir-ketrzyn.pl\/wp-content\/uploads\/2020\/05\/Podnoszenie-ciezarow-1954-r-265x300.jpg 265w, https:\/\/www.mosir-ketrzyn.pl\/wp-content\/uploads\/2020\/05\/Podnoszenie-ciezarow-1954-r-905x1024.jpg 905w, https:\/\/www.mosir-ketrzyn.pl\/wp-content\/uploads\/2020\/05\/Podnoszenie-ciezarow-1954-r-768x869.jpg 768w, https:\/\/www.mosir-ketrzyn.pl\/wp-content\/uploads\/2020\/05\/Podnoszenie-ciezarow-1954-r-1357x1536.jpg 1357w, https:\/\/www.mosir-ketrzyn.pl\/wp-content\/uploads\/2020\/05\/Podnoszenie-ciezarow-1954-r-1810x2048.jpg 1810w, https:\/\/www.mosir-ketrzyn.pl\/wp-content\/uploads\/2020\/05\/Podnoszenie-ciezarow-1954-r.jpg 1920w\" sizes=\"auto, (max-width: 265px) 100vw, 265px\" \/><p id=\"caption-attachment-25443\" class=\"wp-caption-text\">Podnoszenie ci\u0119\u017car\u00f3w, 1954<\/p><\/div>\n<p>Szczeg\u00f3lnie utytu\u0142owana by\u0142a sekcja strzelecka, ale wynikami&nbsp; sportowymi i osi\u0105gni\u0119ciami tej i innych sekcji Klubu&nbsp; zajmiemy si\u0119 nieco p\u00f3\u017aniej. Do roku 1966 Klub prowadzi\u0142 swoj\u0105 statutow\u0105 dzia\u0142alno\u015b\u0107, z wi\u0119kszymi lub mniejszymi sukcesami i by\u0142 licz\u0105c\u0105 si\u0119 na mapie wojew\u00f3dztwa ( a w strzelectwie r\u00f3wnie\u017c Polski), organizacj\u0105 sportow\u0105. Niestety w roku 1965 pojawi\u0142y si\u0119 nad nim \u201eczarne chmury\u201d. Wojska Ochrony Pogranicza podporz\u0105dkowane zosta\u0142y resortowi Obrony Narodowej, a w 1967 roku podj\u0119to decyzj\u0119 o przekszta\u0142ceniu szk\u00f3\u0142 oficerskich Wojska Polskiego na szko\u0142y wy\u017csze. Kszta\u0142cenie kadr oficerskich dla WOP powierzono Wy\u017cszej Szkole Oficerskiej Wojsk Zmechanizowanych&nbsp; we Wroc\u0142awiu, w zwi\u0105zku z czym w roku 1968 Oficerska Szko\u0142a WOP w K\u0119trzynie zosta\u0142a rozformowana. Tym samym przesta\u0142o istnie\u0107 osobowe zaplecze Klubu, bo<\/p>\n<div id=\"attachment_25451\" style=\"width: 225px\" class=\"wp-caption alignleft\"><img loading=\"lazy\" decoding=\"async\" aria-describedby=\"caption-attachment-25451\" class=\"wp-image-25451 size-medium\" src=\"https:\/\/www.mosir-ketrzyn.pl\/wp-content\/uploads\/2020\/05\/Barbara-Kopyt-najbardziej-utytuowana-sportsmenka-Granicy-733x1024-1-215x300.jpg\" alt=\"\" width=\"215\" height=\"300\" srcset=\"https:\/\/www.mosir-ketrzyn.pl\/wp-content\/uploads\/2020\/05\/Barbara-Kopyt-najbardziej-utytuowana-sportsmenka-Granicy-733x1024-1-215x300.jpg 215w, https:\/\/www.mosir-ketrzyn.pl\/wp-content\/uploads\/2020\/05\/Barbara-Kopyt-najbardziej-utytuowana-sportsmenka-Granicy-733x1024-1.jpg 733w\" sizes=\"auto, (max-width: 215px) 100vw, 215px\" \/><p id=\"caption-attachment-25451\" class=\"wp-caption-text\">Barbara Kopyt &#8211; najbardziej utytu\u0142owana sportsmenka Granicy<\/p><\/div>\n<p>przecie\u017c jego kadr\u0119 zawodnicz\u0105 oraz trenersk\u0105, poza nielicznymi wyj\u0105tkami stanowili s\u0142uchacze i \u017co\u0142nierze Szko\u0142y. Poza tym kierownictwo&nbsp; MON nie by\u0142o zainteresowane utrzymaniem struktur sportowych, dzia\u0142aj\u0105cych do tej pory w jednostkach WOP, dlatego te\u017c w po\u0142owie 1966 roku Granica zosta\u0142a zmuszona do rozwi\u0105zania sekcji&nbsp; pi\u0142ki no\u017cnej, siatkowej oraz&nbsp; r\u0119cznej, a w&nbsp; Klubie funkcjonowa\u0142a jedynie pierwszoligowa&nbsp; sekcja strzelecka, kt\u00f3rej&nbsp; najwybitniejsz\u0105 postaci\u0105 by\u0142a <strong>Barbara Kopyt<\/strong>, wielokrotna reprezentantka kraju, mistrzyni \u015bwiata, wielokrotna mistrzyni i rekordzistka Polski, czterokrotnie w 10 najlepszych sportowc\u00f3w wojew\u00f3dztwa&nbsp; olszty\u0144skiego. Niestety,&nbsp; w roku 1969&nbsp;&nbsp; dzia\u0142alno\u015b\u0107 jej zosta\u0142a zawieszona.&nbsp; Znaczna cz\u0119\u015b\u0107 dotychczasowych zawodnik\u00f3w, g\u0142\u00f3wnie przedstawicieli&nbsp; gier zespo\u0142owych&nbsp; przesz\u0142a do lokalnego s\u0105siada&nbsp; KS Zwi\u0105zkowiec ( p\u00f3\u017aniej Zjednoczenie) a strzelcy zasilili Gwardi\u0119 Olsztyn i \u015al\u0105sk Wroc\u0142aw. Dla wielu by\u0142 to jednak koniec sportowej przygody. Granic\u0119 spowi\u0142 blisko dwuletni mrok niebytu.<\/p>\n<div id=\"attachment_25441\" style=\"width: 1034px\" class=\"wp-caption aligncenter\"><img loading=\"lazy\" decoding=\"async\" aria-describedby=\"caption-attachment-25441\" class=\"wp-image-25441 size-full\" src=\"https:\/\/www.mosir-ketrzyn.pl\/wp-content\/uploads\/2020\/05\/Siatkarze-Gwardii-Ketrzyn-z-1953-r-1024x638-1.jpg\" alt=\"\" width=\"1024\" height=\"638\" srcset=\"https:\/\/www.mosir-ketrzyn.pl\/wp-content\/uploads\/2020\/05\/Siatkarze-Gwardii-Ketrzyn-z-1953-r-1024x638-1.jpg 1024w, https:\/\/www.mosir-ketrzyn.pl\/wp-content\/uploads\/2020\/05\/Siatkarze-Gwardii-Ketrzyn-z-1953-r-1024x638-1-300x187.jpg 300w, https:\/\/www.mosir-ketrzyn.pl\/wp-content\/uploads\/2020\/05\/Siatkarze-Gwardii-Ketrzyn-z-1953-r-1024x638-1-768x479.jpg 768w\" sizes=\"auto, (max-width: 1024px) 100vw, 1024px\" \/><p id=\"caption-attachment-25441\" class=\"wp-caption-text\">Siatkarze Gwardii K\u0119trzyn, 1953<\/p><\/div>\n<div id=\"attachment_25440\" style=\"width: 1034px\" class=\"wp-caption aligncenter\"><img loading=\"lazy\" decoding=\"async\" aria-describedby=\"caption-attachment-25440\" class=\"wp-image-25440 size-full\" src=\"https:\/\/www.mosir-ketrzyn.pl\/wp-content\/uploads\/2020\/05\/Siatkarze-z-roku-1953-1024x606-1.jpg\" alt=\"\" width=\"1024\" height=\"606\" srcset=\"https:\/\/www.mosir-ketrzyn.pl\/wp-content\/uploads\/2020\/05\/Siatkarze-z-roku-1953-1024x606-1.jpg 1024w, https:\/\/www.mosir-ketrzyn.pl\/wp-content\/uploads\/2020\/05\/Siatkarze-z-roku-1953-1024x606-1-300x178.jpg 300w, https:\/\/www.mosir-ketrzyn.pl\/wp-content\/uploads\/2020\/05\/Siatkarze-z-roku-1953-1024x606-1-768x455.jpg 768w\" sizes=\"auto, (max-width: 1024px) 100vw, 1024px\" \/><p id=\"caption-attachment-25440\" class=\"wp-caption-text\">Siatkarze, 1953<\/p><\/div>\n<div id=\"attachment_25446\" style=\"width: 1034px\" class=\"wp-caption aligncenter\"><img loading=\"lazy\" decoding=\"async\" aria-describedby=\"caption-attachment-25446\" class=\"wp-image-25446 size-full\" src=\"https:\/\/www.mosir-ketrzyn.pl\/wp-content\/uploads\/2020\/05\/Pilkarze-reczni-Granicy-z-1962-r-1024x739-1.jpg\" alt=\"\" width=\"1024\" height=\"739\" srcset=\"https:\/\/www.mosir-ketrzyn.pl\/wp-content\/uploads\/2020\/05\/Pilkarze-reczni-Granicy-z-1962-r-1024x739-1.jpg 1024w, https:\/\/www.mosir-ketrzyn.pl\/wp-content\/uploads\/2020\/05\/Pilkarze-reczni-Granicy-z-1962-r-1024x739-1-300x217.jpg 300w, https:\/\/www.mosir-ketrzyn.pl\/wp-content\/uploads\/2020\/05\/Pilkarze-reczni-Granicy-z-1962-r-1024x739-1-768x554.jpg 768w\" sizes=\"auto, (max-width: 1024px) 100vw, 1024px\" \/><p id=\"caption-attachment-25446\" class=\"wp-caption-text\">Pi\u0142karze r\u0119czni Granicy, 1962<\/p><\/div>\n<div id=\"attachment_25444\" style=\"width: 938px\" class=\"wp-caption aligncenter\"><img loading=\"lazy\" decoding=\"async\" aria-describedby=\"caption-attachment-25444\" class=\"wp-image-25444 size-full\" src=\"https:\/\/www.mosir-ketrzyn.pl\/wp-content\/uploads\/2020\/05\/Plywacy-Granicy-z-1952-r-928x1024-1.jpg\" alt=\"\" width=\"928\" height=\"1024\" srcset=\"https:\/\/www.mosir-ketrzyn.pl\/wp-content\/uploads\/2020\/05\/Plywacy-Granicy-z-1952-r-928x1024-1.jpg 928w, https:\/\/www.mosir-ketrzyn.pl\/wp-content\/uploads\/2020\/05\/Plywacy-Granicy-z-1952-r-928x1024-1-272x300.jpg 272w, https:\/\/www.mosir-ketrzyn.pl\/wp-content\/uploads\/2020\/05\/Plywacy-Granicy-z-1952-r-928x1024-1-768x847.jpg 768w\" sizes=\"auto, (max-width: 928px) 100vw, 928px\" \/><p id=\"caption-attachment-25444\" class=\"wp-caption-text\">P\u0142ywacy Granicy, 1952<\/p><\/div>\n<div id=\"attachment_25452\" style=\"width: 1034px\" class=\"wp-caption aligncenter\"><img loading=\"lazy\" decoding=\"async\" aria-describedby=\"caption-attachment-25452\" class=\"wp-image-25452 size-large\" src=\"https:\/\/www.mosir-ketrzyn.pl\/wp-content\/uploads\/2020\/05\/Pilkarze-z-trenerem-Musielakiem-rok-1963-1024x689.jpg\" alt=\"\" width=\"1024\" height=\"689\" srcset=\"https:\/\/www.mosir-ketrzyn.pl\/wp-content\/uploads\/2020\/05\/Pilkarze-z-trenerem-Musielakiem-rok-1963-1024x689.jpg 1024w, https:\/\/www.mosir-ketrzyn.pl\/wp-content\/uploads\/2020\/05\/Pilkarze-z-trenerem-Musielakiem-rok-1963-300x202.jpg 300w, https:\/\/www.mosir-ketrzyn.pl\/wp-content\/uploads\/2020\/05\/Pilkarze-z-trenerem-Musielakiem-rok-1963-768x516.jpg 768w, https:\/\/www.mosir-ketrzyn.pl\/wp-content\/uploads\/2020\/05\/Pilkarze-z-trenerem-Musielakiem-rok-1963-1536x1033.jpg 1536w, https:\/\/www.mosir-ketrzyn.pl\/wp-content\/uploads\/2020\/05\/Pilkarze-z-trenerem-Musielakiem-rok-1963.jpg 1920w\" sizes=\"auto, (max-width: 1024px) 100vw, 1024px\" \/><p id=\"caption-attachment-25452\" class=\"wp-caption-text\">Pi\u0142karze z -trenerem -Musielakiem, 1963<\/p><\/div>\n<p style=\"text-align: right;\"><em>Wies\u0142aw Sopy\u0142a<\/em><\/p>\n<p>[\/vc_column_text][\/vc_column][\/vc_row]<\/p>\n<\/div>","protected":false},"excerpt":{"rendered":"<p>[vc_row][vc_column][vc_column_text css=&#8221;&#8221;] Co \u0142\u0105czy Granic\u0119 z Ostr\u00f3d\u0105? Jak wcze\u015bniej zaznaczy\u0142em pocz\u0105tki dzia\u0142alno\u015bci Klubu na ziemi k\u0119trzy\u0144skiej nie by\u0142y \u0142atwe.&nbsp; Trudno z ca\u0142\u0105 pewno\u015bci\u0105 stwierdzi\u0107 co by\u0142o g\u0142\u00f3wna przyczyn\u0105 k\u0142opot\u00f3w i problem\u00f3w, ale wydaje si\u0119, \u017ce przede wszystkim brak stabilnej kadry zespo\u0142u oraz cz\u0119ste absencje zawodnik\u00f3w na treningach&nbsp; i meczach. Wynika\u0142y one z faktu, \u017ce zawodnicy&hellip;<\/p>\n","protected":false},"author":2,"featured_media":25447,"comment_status":"closed","ping_status":"closed","sticky":false,"template":"","format":"standard","meta":{"inline_featured_image":false,"ngg_post_thumbnail":0,"footnotes":""},"categories":[46],"tags":[],"class_list":["post-25439","post","type-post","status-publish","format-standard","has-post-thumbnail","hentry","category-historia-ketrzynskiego-sportu","category-46","description-off"],"jetpack_featured_media_url":"https:\/\/www.mosir-ketrzyn.pl\/wp-content\/uploads\/2020\/05\/Pilkarze-Granicy-z-1948-r-1024x769-1.jpg","_links":{"self":[{"href":"https:\/\/www.mosir-ketrzyn.pl\/index.php\/wp-json\/wp\/v2\/posts\/25439","targetHints":{"allow":["GET"]}}],"collection":[{"href":"https:\/\/www.mosir-ketrzyn.pl\/index.php\/wp-json\/wp\/v2\/posts"}],"about":[{"href":"https:\/\/www.mosir-ketrzyn.pl\/index.php\/wp-json\/wp\/v2\/types\/post"}],"author":[{"embeddable":true,"href":"https:\/\/www.mosir-ketrzyn.pl\/index.php\/wp-json\/wp\/v2\/users\/2"}],"replies":[{"embeddable":true,"href":"https:\/\/www.mosir-ketrzyn.pl\/index.php\/wp-json\/wp\/v2\/comments?post=25439"}],"version-history":[{"count":3,"href":"https:\/\/www.mosir-ketrzyn.pl\/index.php\/wp-json\/wp\/v2\/posts\/25439\/revisions"}],"predecessor-version":[{"id":36833,"href":"https:\/\/www.mosir-ketrzyn.pl\/index.php\/wp-json\/wp\/v2\/posts\/25439\/revisions\/36833"}],"wp:featuredmedia":[{"embeddable":true,"href":"https:\/\/www.mosir-ketrzyn.pl\/index.php\/wp-json\/wp\/v2\/media\/25447"}],"wp:attachment":[{"href":"https:\/\/www.mosir-ketrzyn.pl\/index.php\/wp-json\/wp\/v2\/media?parent=25439"}],"wp:term":[{"taxonomy":"category","embeddable":true,"href":"https:\/\/www.mosir-ketrzyn.pl\/index.php\/wp-json\/wp\/v2\/categories?post=25439"},{"taxonomy":"post_tag","embeddable":true,"href":"https:\/\/www.mosir-ketrzyn.pl\/index.php\/wp-json\/wp\/v2\/tags?post=25439"}],"curies":[{"name":"wp","href":"https:\/\/api.w.org\/{rel}","templated":true}]}}