{"id":25510,"date":"2020-05-25T18:38:32","date_gmt":"2020-05-25T16:38:32","guid":{"rendered":"http:\/\/mosir-ketrzyn.pl\/?p=25510"},"modified":"2025-05-09T12:33:42","modified_gmt":"2025-05-09T10:33:42","slug":"historia-ketrzynskiego-sportu-ketrzynski-klub-sportowy-granica-cz-v","status":"publish","type":"post","link":"https:\/\/www.mosir-ketrzyn.pl\/index.php\/2020\/05\/25\/historia-ketrzynskiego-sportu-ketrzynski-klub-sportowy-granica-cz-v\/","title":{"rendered":"Historia k\u0119trzy\u0144skiego sportu. K\u0119trzy\u0144ski Klub Sportowy Granica \u2013 cz.V"},"content":{"rendered":"<div class=\"wpb-content-wrapper\"><p>[vc_row][vc_column][vc_column_text css=&#8221;&#8221;]<\/p>\n<h4 style=\"text-align: center;\"><strong>Sekcje sportowe klubu \u2013 pi\u0142ka no\u017cna (lata 1972 \u2013 1993)<\/strong><\/h4>\n<p><strong>W roku 1972,&nbsp; po blisko sze\u015bcioletnim okresie przerwy pi\u0142karze Granicy ponownie pojawili si\u0119 na pi\u0142karskich boiskach wojew\u00f3dztwa. Zesp\u00f3\u0142 senior\u00f3w zosta\u0142 zakwalifikowany do \u00f3wczesnej klasy A ( drugi poziom wojew\u00f3dzki) w miejsce Zjednoczenia K\u0119trzyn. Sezon 1972\/1973 przyni\u00f3s\u0142 zas\u0142u\u017cony awans do klasy okr\u0119gowej, w kt\u00f3rej Granica wyst\u0119powa\u0142a przez 5 kolejnych sezon\u00f3w<\/strong>. W tym pierwszym, niejako historycznym sezonie, klub reprezentowali mi\u0119dzy innymi:&nbsp; <strong>&nbsp;<em>Antosz, Biernacki, Bo\u0142oczko,&nbsp; Burkacki, Ko\u0142yszko Jerzy,&nbsp; Ko\u0142yszko Janusz, Mecner, Popowski, Rypina T. Soko\u0142owski Walerian, Woronowski,<\/em><\/strong>a trenerem by\u0142<em> <strong>Andrzej&nbsp; Jaraczewski<\/strong>. <\/em>Trzeba przyzna\u0107, \u017ce ca\u0142y omawiany w tym odcinku okres &nbsp;pi\u0142karskiej rywalizacji, nie zapisa\u0142a si\u0119 poza pojedynczymi przypadkami, jakimi\u015b spektakularnymi sukcesami, a dru\u017cyna na finiszu rozgrywek poszczeg\u00f3lnych sezon\u00f3w plasowa\u0142a si\u0119 najcz\u0119\u015bciej w \u015brodkowej cz\u0119\u015bci ich tabel, dwukrotnie do\u015bwiadczaj\u0105c przy tym goryczy spadku. Dzi\u015b trudno o &nbsp;jednoznaczn\u0105 diagnoz\u0119 tak chimerycznej postawy pi\u0142karzy, ale wydaje si\u0119, \u017ce by\u0142a ona konsekwencj\u0105 budowania zespo\u0142\u00f3w w oparciu o powo\u0142anych do s\u0142u\u017cby w Wojskach Ochrony Pogranicza zawodnik\u00f3w, kt\u00f3rzy nie zawsze identyfikowali si\u0119 z interesami klubu, a koncepcja funkcjonowania sekcji pi\u0142karskiej nie by\u0142a do ko\u0144ca ani jasna ani sp\u00f3jna ( np. w oparciu o jakich zawodnik\u00f3w miejscowych czy zewn\u0119trznych| budowa\u0107 pierwszy zesp\u00f3\u0142 ). Ponadto mundurowi pi\u0142karze Granicy uczestniczyli w\u00f3wczas w rywalizacji&nbsp; ( nie tylko pi\u0142karskiej) w ramach mistrzostw Wojsk Ochrony Pogranicza, i niejednokrotnie one by\u0142y g\u0142\u00f3wnym celem ich przygotowania, a&nbsp; oni sami cz\u0119sto nadmiernie eksploatowani, nie zawsze mogli podo\u0142a\u0107 rywalizacji na tzw. dw\u00f3ch frontach. Jako przyk\u0142ad poda\u0107 mo\u017cna sezon 1975\/1976, kiedy to Granica posiadaj\u0105c zesp\u00f3\u0142 o du\u017cym potencjale nie potrafi\u0142a zakwalifikowa\u0107 si\u0119 do fazy fina\u0142owej rozgrywek. W wyniku rozgrywek grupowych do czo\u0142owej czw\u00f3rki rozgrywek awans uzyska\u0142y dru\u017cyny: Gwardia&nbsp; Szczytno i Start Nidzica z grupy II &nbsp;oraz&nbsp; Stomil&nbsp; Olsztyn i zwyci\u0119zca meczu bara\u017cowego: Granica K\u0119trzyn&nbsp; i \u015aniardwy&nbsp; Orzysz z grupy I. Mecz ten, rozegrany&nbsp; w dniu 05 maja 1976 r. w Mr\u0105gowie,&nbsp; zako\u0144czy\u0142 si\u0119 wysok\u0105 pora\u017ck\u0105 dru\u017cyny Granicy 0:5 (0:2), a g\u0142\u00f3wnym&nbsp; jej powodem by\u0142y powa\u017cne os\u0142abienia sk\u0142adu k\u0119trzy\u0144skiego zespo\u0142u. Tym samym, w dalszej fazie rozgrywek Granica trafi\u0142a do grupy dru\u017cyn&nbsp; rywalizuj\u0105cych o miejsca 5 \u2013 8, i ostatecznie uplasowa\u0142a si\u0119 na 6 miejscu. Kadr\u0119 tego zespo\u0142u stanowili:&nbsp; <strong><em>Bogus\u0142awski Edward, Bo\u0142oczko Wojciech, Burkacki Jerzy, Burkacki Kazimierz, Cisak Ryszard,&nbsp; Dega Zbigniew (w), Dr\u0105g Zdzis\u0142aw, Dobrzy\u0144ski Stanis\u0142aw (j), Furlepa Jan, Kami\u0144ski Wojciech, Ko\u0142yszko Janusz,Kozakiewicz Jan, Krogulski Marian (w), Liszewski Stefan,&nbsp; \u0141uczy\u0144ski Wies\u0142aw, \u0141uczy\u0144ski Zbigniew,&nbsp; Marcinkowski Andrzej(j),&nbsp; Mecner Stanis\u0142aw, Mo\u017cejko Janusz,&nbsp; Pikus Andrzej, Popowski Zbigniew, P\u00f3\u0142ch\u0142opek Stanis\u0142aw, Rogowski Jerzy, Rymsza Andrzej, Wyszomirski Henryk<\/em><\/strong><em>. <\/em>Trenerem by\u0142<em> <strong>Franciszek Rypina<\/strong>, <\/em>a kierownikiem dru\u017cyny<em> <strong>Romuald Grochowski<\/strong>.<\/em><\/p>\n<p>Sezon 1976\/1977 przyni\u00f3s\u0142 proces os\u0142abiania si\u0142y zespo\u0142u. W\u00f3wczas to dru\u017cyn\u0119 opu\u015bcili &nbsp;<strong><em>Jan Kozakiewicz i Jan Furlepa<\/em><\/strong><em>, <\/em>kt\u00f3rzy trafili do Wis\u0142oki D\u0119bica, a <strong><em>Janusz Mo\u017cejko<\/em><\/strong>&nbsp; do Stomilu Olsztyn). W &nbsp;nast\u0119pnym sezonie odeszli jeszcze <strong><em>Stefan Liszewski, Stanis\u0142aw Mecner i Zbigniew&nbsp; Kozado<\/em><\/strong>&nbsp;Agrokompleksu &nbsp;K\u0119trzyn a <strong><em>Jerzy<\/em> <em>Burkacki<\/em><\/strong><em>&nbsp; <\/em>do Stomilu. Tak powa\u017cnych ubytk\u00f3w nie uda\u0142o si\u0119 niestety zniwelowa\u0107 i Granica spad\u0142a do \u00f3wczesnej klasy B. Trzeba doda\u0107, \u017ce na ten stan rzeczy powa\u017cny wp\u0142yw mia\u0142o pojawienie si\u0119 na k\u0119trzy\u0144skim \u201epodw\u00f3rku\u201d silnego rywala w postaci klubu sportowego Agrokompleks, kt\u00f3ry \u00f3wcze\u015bnie mia\u0142 do zaproponowania wi\u0119cej ni\u017c oferowa\u0142a Granica i tym samym wi\u0119kszo\u015b\u0107 wyr\u00f3\u017cniaj\u0105cych si\u0119 k\u0119trzy\u0144skich pi\u0142karzy wybra\u0142a jego barwy.<\/p>\n<p>Ale jak to si\u0119 m\u00f3wi \u2013 nie ma tego z\u0142ego co by na dobre nie wysz\u0142o. Graj\u0105ca na drugim poziomie wojew\u00f3dzkim, z potencjalnie&nbsp; s\u0142abszymi zawodnikami w sk\u0142adzie Granica sta\u0142a si\u0119 sprawc\u0105 mi\u0142ej niespodzianki si\u0119gaj\u0105c po raz pierwszy w swojej historii po wojew\u00f3dzki Puchar Polski. W finale rozegranym 19 maja 1979 roku w Lidzbarku Warmi\u0144skim pokona\u0142a&nbsp; faworyzowan\u0105 jedenastk\u0119 Orl\u0105t Reszel 2:1, a bramki dla k\u0119trzynian zdobyli <strong><em>Siero\u0144 i Mo\u0144ko.<\/em><\/strong> Zesp\u00f3\u0142 Granicy wyst\u0105pi\u0142a w sk\u0142adzie: &nbsp;<strong><em>Niesio\u0142owski- Rymsza Andrzej kpt., Mo\u0144ko Marek, Nowak Zbigniew,&nbsp; J\u00f3wko Zdzis\u0142aw,&nbsp;&nbsp; Gierszewski Jan, Sapela Kazimierz, Kupiec Henryk, Burnes, Siero\u0144 Wies\u0142aw , Warno Andrzej <\/em><\/strong>z trenerem<em> <strong>Andrzejem Dolat\u0105. <\/strong><\/em>W pierwszej rundzie szczebla centralnego k\u0119trzynianie zmierzyli si\u0119 z Wigrami Suwa\u0142ki ulegaj\u0105c im 0:2 i tym samym zako\u0144czyli sw\u0105 pucharow\u0105 przygod\u0119. Ten sukces pozytywnie wp\u0142yn\u0105\u0142 na postaw\u0119 zawodnik\u00f3w w sezonie 1979\/1980 &nbsp;i zaowocowa\u0142 ponownym &nbsp;awansem do grona czo\u0142owych&nbsp; dru\u017cyn wojew\u00f3dztwa ( klasa A), w\u015br\u00f3d &nbsp;kt\u00f3rych wyst\u0119powali przez kolejne 3 sezony. Rok 1983 to zn\u00f3w spadek (w\u00f3wczas solidarnie spad\u0142y oba k\u0119trzy\u0144skie zespo\u0142y, przy czym dla Agrokompleksu by\u0142 to przys\u0142owiowy pocz\u0105tek jego ko\u0144ca)&nbsp; i kolejne dwa sezony przerwy w rozgrywkach najwy\u017cszej klasy rozgrywkowej wojew\u00f3dztwa. Ponowne \u201eprzebudzenie\u201d&nbsp; Granicy i awans nast\u0105pi\u0142o w sezonie 1984\/1985. W\u00f3wczas to zesp\u00f3\u0142 prowadzi\u0142, znany w pi\u0142karskim \u015brodowisku K\u0119trzyna trener <strong><em>Bogumi\u0142 Dolewski<\/em><\/strong><em>, <\/em>a w\u015br\u00f3d zawodnik\u00f3w&nbsp; odnotowa\u0107 mo\u017cna nast\u0119puj\u0105ce nazwiska: <strong><em>Bawirsz&nbsp; Waldemar<\/em><\/strong><em>, <strong>Betlejewski&nbsp; Miros\u0142aw<\/strong>, <strong>Bogda\u0144ski Zbigniew<\/strong>,&nbsp;<strong>Dolewski Dariusz,<\/strong>&nbsp; <strong>Dziemia\u0144czuk&nbsp; Bogus\u0142aw<\/strong>, <strong>Gemejnert Roman<\/strong>, <strong>G\u0142\u0119bocki&nbsp; Janusz, <\/strong><strong>Kopa\u0144ski&nbsp; Romuald<\/strong>, <strong>Kraska Andrzej,<\/strong> <strong>Kruk Marek<\/strong>, <strong>Kupiec&nbsp; Henryk,<\/strong> <strong>Lech S\u0142awomir<\/strong>, <strong>Lech Piotr<\/strong>, <strong>Niemcewicz Marek<\/strong>, <strong>Prusinowski&nbsp; Marek<\/strong>,&nbsp; <strong>Ruci\u0144ski Bogdan,<\/strong> <strong>Szczygielski&nbsp;&nbsp; S\u0142awomir<\/strong>, <strong>Wojtaszewski&nbsp; Ryszard. <\/strong><\/em>Sezon 1985\/1986 nie przyni\u00f3s\u0142 co prawda spadku, ale nie da\u0142 te\u017c awansu do nowo utworzonej mi\u0119dzywojew\u00f3dzkiej klasy okr\u0119gowej ( olszty\u0144skie i elbl\u0105skie). &nbsp;Prawo awansu uzyska\u0142y w\u00f3wczas zespo\u0142y z miejsc 1-5, a Granica by\u0142a niestety sz\u00f3sta. Reperkusje tego faktu by\u0142y takie, \u017ce kolejne 3 sezony k\u0119trzynianom przysz\u0142o rozgrywa\u0107 w wojew\u00f3dzkiej klasie A. W tym miejscu nale\u017cy doda\u0107, \u017ce w lipcu 1986 roku Granica przej\u0119\u0142a z rozwi\u0105zanego Agrokompleksu liczn\u0105 grup\u0119 utalentowanych pi\u0142karzy, jednak z r\u00f3\u017cnych powod\u00f3w nie uda\u0142o si\u0119 tego faktu w\u0142a\u015bciwie&nbsp; wykorzysta\u0107, kieruj\u0105c ich do zespo\u0142u &nbsp;nr 2, kt\u00f3ry pod okiem trenera Zbigniewa Wtulicha rywalizowa\u0142 w klasie B. O dziwnej sytuacji w klubie pisa\u0142a mi\u0119dzy innymi Gazeta Olszty\u0144ska w artykule z&nbsp; 5 lipca 1988 r.&nbsp; pod tytu\u0142em \u201cWojsko czy cywile a mo\u017ce razem \u2013 Granica niemo\u017cno\u015bci\u201d. Kolejny powr\u00f3t na wojew\u00f3dzkie \u201csalony\u201d&nbsp; nast\u0105pi\u0142 po sezonie 1989\/1990 i trzeba to podkre\u015bli\u0107, \u017ce&nbsp; od tej pory pi\u0142karze Granicy nie &nbsp;zaznali ju\u017c goryczy spadku poni\u017cej tego poziomu. Kadra zawodnik\u00f3w, kt\u00f3rzy przyczynili sie do awansu by\u0142a do\u015b\u0107 liczna, ale spo\u015br\u00f3d nich wydaje si\u0119, \u017ce nale\u017cy wyr\u00f3\u017cni\u0107 w szczeg\u00f3lno\u015bci: <strong><em>Chmielewski Dariusz, Ciszewski Leszek, Ciborski Adam,&nbsp; Czeczuk Artur,&nbsp; Dyter S\u0142awomir,&nbsp; Dolewski Dariusz, Dziemia\u0144czuk Bogus\u0142aw, Dzirba Jaros\u0142aw, Kondracki Andrzej, &nbsp;Kopa\u0144ski Romuald, Kowalski Edward, Kozikowski Wojciech, Kupiec Henryk, Lech S\u0142awomir, Lig\u0119za Andrzej, Maksymiuk Wojciech, &nbsp;Malec S\u0142awomir,&nbsp; Mocarski Dariusz, Nestorowicz Dariusz, Niemcewicz Marek, Piechna Jaros\u0142aw, Podbielski Tadeusz, Roma\u0144czuk Roman,&nbsp; Siedlar Miros\u0142aw, Sosnowski Jaros\u0142aw, Uminowicz Jerzy, Waleszczy\u0144ski Pawe\u0142, Wobolewicz Andrzej, Warczak S\u0142awomir,&nbsp; Zaworski Roman, Zie\u0144kowski Jacek, Zientarski Zenon. <\/em><\/strong>Trenerem zespo\u0142u by\u0142 <strong><em>Krzysztof Krupienik<\/em><\/strong>, kt\u00f3ry przej\u0105\u0142 obowi\u0105zki od <strong><em>Zbigniewa Wtulicha <\/em><\/strong>a funkcj\u0119 kierownika dru\u017cyny zamiennie pe\u0142nili:<strong><em>Mieczys\u0142aw Plaz<\/em><\/strong> i <strong><em>Roman &nbsp;Kalininczenko<\/em><\/strong>.<\/p>\n<p>Tak naprawd\u0119 dopiero sezon 1991\/1992 powa\u017cnie rozbudzi\u0142 nadzieje k\u0119trzy\u0144skich kibic\u00f3w na wyj\u015bcie Granicy z wojew\u00f3dzkiej przeci\u0119tno\u015bci. Za spraw\u0105 aktywno\u015bci \u00f3wczesnego zarz\u0105du, a w zasadzie jego wiceprezesa <strong><em>Jana Banaszczyka<\/em><\/strong> uda\u0142o si\u0119 zatrudni\u0107 w K\u0119trzynie szkoleniowca z Litwa <strong><em>Paw\u0142a Grygonisa<\/em><\/strong> a zesp\u00f3\u0142 &nbsp;wzmocnili pi\u0142karze Bangi Kowno&nbsp; <strong><em>Grygonis Gintaras<\/em><\/strong> i &nbsp;<strong><em>Novickas Sylvestras<\/em><\/strong><em>. <\/em>Wydaje si\u0119 zasadnym, aby w tym miejscu wymieni\u0107 jeszcze jedna osob\u0119, kt\u00f3ra w\u00f3wczas by\u0142a bardzo zaanga\u017cowana w dzia\u0142alno\u015b\u0107 sekcji pi\u0142karskiej klubu, a by\u0142 ni\u0105 nie\u017cyj\u0105cego ju\u017c niestety <strong><em>Franciszek Waszkiewicz. <\/em><\/strong>Granica sta\u0142a si\u0119 rewelacj\u0105 rozgrywek, a ich przebieg odzwierciedlaj\u0105 ni\u017cej zamieszczone tabele. Brzemienny w skutkach by\u0142 niew\u0105tpliwie bezpo\u015bredni mecz Granicy z Warmi\u0105 Olsztyn, rozegrany&nbsp; 10 czerwca 1992 roku przy komplecie publiczno\u015bci na k\u0119trzy\u0144skim stadionie, niestety pi\u0142karskie szcz\u0119cie by\u0142o przy Warmii i to ona ostatecznie uzyska\u0142a awans do III ligi. Dla Granicy to natomiast kolejne 4 sezony oczekiwania na co\u015b wi\u0119cej ni\u017c tylko bycie wojew\u00f3dzkim \u015bredniakiem.<\/p>\n<figure class=\"wp-block-image\"><img decoding=\"async\" class=\"wp-image-61088\" src=\"http:\/\/biuletyn.ketrzyn.pl\/wp-content\/uploads\/2020\/05\/Tabele-1-724x1024.jpg\" sizes=\"(max-width: 724px) 100vw, 724px\" srcset=\"http:\/\/biuletyn.ketrzyn.pl\/wp-content\/uploads\/2020\/05\/Tabele-1-724x1024.jpg 724w, http:\/\/biuletyn.ketrzyn.pl\/wp-content\/uploads\/2020\/05\/Tabele-1-212x300.jpg 212w, http:\/\/biuletyn.ketrzyn.pl\/wp-content\/uploads\/2020\/05\/Tabele-1-768x1086.jpg 768w\" alt=\"\"><\/figure>\n<p><strong>&nbsp;&nbsp;&nbsp;&nbsp;&nbsp;&nbsp; Kadra zespo\u0142u: <\/strong><em>Adamczyk Grzegorz, Borucki Przemys\u0142aw, Bicki&nbsp; S\u0142awomir, Burski Grzegorz,&nbsp; Dec Miros\u0142aw, Dolewski Dariusz, Fenik Leszek, Grygonis Gintaras, Kozikowski Wojciech, Kuku\u0142ka Jacek, Kulik Bogdan, Lis Marek, Liniewicz Jacek, Martynajtys Przemys\u0142aw,&nbsp; Mesjasz Zbigniew, Moczarski Jaros\u0142aw, Moroz&nbsp; Piotr, Novickas Sylvestras,&nbsp; Pastusiak Artur, Pep\u0142awski Marek, Piechna Jaros\u0142aw, Pyracki Waldemar, Rokicki Wojciech, Roman Pawe\u0142,&nbsp; Rypina Krzysztof, Rypina Jaros\u0142aw, Sosnowski Jaros\u0142aw, Szorc Dariusz, Waleszczy\u0144ski Pawe\u0142,&nbsp;<\/em><\/p>\n<p><strong>&nbsp; &nbsp;Trener: <em>Lubieniecki Wojciech, <\/em><\/strong>kt\u00f3rego&nbsp;w trakcie rundy jesiennej zast\u0105pi\u0142 <strong><em>Pawe\u0142 G<\/em><\/strong><strong><em>ygonis <\/em><\/strong>; k<strong>ierownik zespo\u0142u<\/strong>: <em>Ko\u0142yszko Janusz<\/em>.<\/p>\n<p>O dalszych losach pi\u0142karzy Granicy w kolejnym odcinku.<\/p>\n<div id=\"attachment_25511\" style=\"width: 1210px\" class=\"wp-caption aligncenter\"><img loading=\"lazy\" decoding=\"async\" aria-describedby=\"caption-attachment-25511\" class=\"size-full wp-image-25511\" src=\"http:\/\/mosir-ketrzyn.pl\/wp-content\/uploads\/2020\/05\/1975-077.jpg\" alt=\"\" width=\"1200\" height=\"945\" srcset=\"https:\/\/www.mosir-ketrzyn.pl\/wp-content\/uploads\/2020\/05\/1975-077.jpg 1200w, https:\/\/www.mosir-ketrzyn.pl\/wp-content\/uploads\/2020\/05\/1975-077-300x236.jpg 300w, https:\/\/www.mosir-ketrzyn.pl\/wp-content\/uploads\/2020\/05\/1975-077-1024x806.jpg 1024w, https:\/\/www.mosir-ketrzyn.pl\/wp-content\/uploads\/2020\/05\/1975-077-768x605.jpg 768w\" sizes=\"auto, (max-width: 1200px) 100vw, 1200px\" \/><p id=\"caption-attachment-25511\" class=\"wp-caption-text\">1975<\/p><\/div>\n<div id=\"attachment_25512\" style=\"width: 1210px\" class=\"wp-caption aligncenter\"><img loading=\"lazy\" decoding=\"async\" aria-describedby=\"caption-attachment-25512\" class=\"size-full wp-image-25512\" src=\"http:\/\/mosir-ketrzyn.pl\/wp-content\/uploads\/2020\/05\/1979.-Granica-z-WPP-001.jpg\" alt=\"\" width=\"1200\" height=\"714\" srcset=\"https:\/\/www.mosir-ketrzyn.pl\/wp-content\/uploads\/2020\/05\/1979.-Granica-z-WPP-001.jpg 1200w, https:\/\/www.mosir-ketrzyn.pl\/wp-content\/uploads\/2020\/05\/1979.-Granica-z-WPP-001-300x179.jpg 300w, https:\/\/www.mosir-ketrzyn.pl\/wp-content\/uploads\/2020\/05\/1979.-Granica-z-WPP-001-1024x609.jpg 1024w, https:\/\/www.mosir-ketrzyn.pl\/wp-content\/uploads\/2020\/05\/1979.-Granica-z-WPP-001-768x457.jpg 768w\" sizes=\"auto, (max-width: 1200px) 100vw, 1200px\" \/><p id=\"caption-attachment-25512\" class=\"wp-caption-text\">1979. Granica z WPP<\/p><\/div>\n<div id=\"attachment_25530\" style=\"width: 1010px\" class=\"wp-caption aligncenter\"><img loading=\"lazy\" decoding=\"async\" aria-describedby=\"caption-attachment-25530\" class=\"size-full wp-image-25530\" src=\"http:\/\/mosir-ketrzyn.pl\/wp-content\/uploads\/2020\/05\/1979FI_1.jpg\" alt=\"\" width=\"1000\" height=\"563\" srcset=\"https:\/\/www.mosir-ketrzyn.pl\/wp-content\/uploads\/2020\/05\/1979FI_1.jpg 1000w, https:\/\/www.mosir-ketrzyn.pl\/wp-content\/uploads\/2020\/05\/1979FI_1-300x169.jpg 300w, https:\/\/www.mosir-ketrzyn.pl\/wp-content\/uploads\/2020\/05\/1979FI_1-768x432.jpg 768w\" sizes=\"auto, (max-width: 1000px) 100vw, 1000px\" \/><p id=\"caption-attachment-25530\" class=\"wp-caption-text\">1979<\/p><\/div>\n<div id=\"attachment_25513\" style=\"width: 810px\" class=\"wp-caption aligncenter\"><img loading=\"lazy\" decoding=\"async\" aria-describedby=\"caption-attachment-25513\" class=\"size-full wp-image-25513\" src=\"http:\/\/mosir-ketrzyn.pl\/wp-content\/uploads\/2020\/05\/1980.-Granica-na-Mistrzostwach-WOP.-001.jpg\" alt=\"\" width=\"800\" height=\"408\" srcset=\"https:\/\/www.mosir-ketrzyn.pl\/wp-content\/uploads\/2020\/05\/1980.-Granica-na-Mistrzostwach-WOP.-001.jpg 800w, https:\/\/www.mosir-ketrzyn.pl\/wp-content\/uploads\/2020\/05\/1980.-Granica-na-Mistrzostwach-WOP.-001-300x153.jpg 300w, https:\/\/www.mosir-ketrzyn.pl\/wp-content\/uploads\/2020\/05\/1980.-Granica-na-Mistrzostwach-WOP.-001-768x392.jpg 768w\" sizes=\"auto, (max-width: 800px) 100vw, 800px\" \/><p id=\"caption-attachment-25513\" class=\"wp-caption-text\">1980. Granica na Mistrzostwach WOP<\/p><\/div>\n<div id=\"attachment_25529\" style=\"width: 1010px\" class=\"wp-caption aligncenter\"><img loading=\"lazy\" decoding=\"async\" aria-describedby=\"caption-attachment-25529\" class=\"wp-image-25529 size-full\" src=\"https:\/\/www.mosir-ketrzyn.pl\/wp-content\/uploads\/2020\/05\/Mozejko-Janusz-Kostecki-Marian-Kupiec-H.-Kozakiewicz-JanPikus-Andrzej-Furlepa-Jan-Strumilowski-Jan-Liszewski-St.-Krawczyk-Andrzej-F.-Rypina-J.-Jasinski-i-.jpg\" alt=\"\" width=\"1000\" height=\"563\" srcset=\"https:\/\/www.mosir-ketrzyn.pl\/wp-content\/uploads\/2020\/05\/Mozejko-Janusz-Kostecki-Marian-Kupiec-H.-Kozakiewicz-JanPikus-Andrzej-Furlepa-Jan-Strumilowski-Jan-Liszewski-St.-Krawczyk-Andrzej-F.-Rypina-J.-Jasinski-i-.jpg 1000w, https:\/\/www.mosir-ketrzyn.pl\/wp-content\/uploads\/2020\/05\/Mozejko-Janusz-Kostecki-Marian-Kupiec-H.-Kozakiewicz-JanPikus-Andrzej-Furlepa-Jan-Strumilowski-Jan-Liszewski-St.-Krawczyk-Andrzej-F.-Rypina-J.-Jasinski-i--300x169.jpg 300w, https:\/\/www.mosir-ketrzyn.pl\/wp-content\/uploads\/2020\/05\/Mozejko-Janusz-Kostecki-Marian-Kupiec-H.-Kozakiewicz-JanPikus-Andrzej-Furlepa-Jan-Strumilowski-Jan-Liszewski-St.-Krawczyk-Andrzej-F.-Rypina-J.-Jasinski-i--768x432.jpg 768w\" sizes=\"auto, (max-width: 1000px) 100vw, 1000px\" \/><p id=\"caption-attachment-25529\" class=\"wp-caption-text\">Mo\u017cejko Janusz, Kostecki Marian, Kupiec H. Kozakiewicz Jan,Pikus Andrzej, Furlepa Jan, Strumi\u0142owski Jan, Liszewski St. Krawczyk Andrzej, F. Rypina, J. Jasi\u0144ski, i &#8230;<\/p><\/div>\n<div id=\"attachment_25514\" style=\"width: 858px\" class=\"wp-caption aligncenter\"><img loading=\"lazy\" decoding=\"async\" aria-describedby=\"caption-attachment-25514\" class=\"size-full wp-image-25514\" src=\"http:\/\/mosir-ketrzyn.pl\/wp-content\/uploads\/2020\/05\/1984.-Granica-Farel-001.jpg\" alt=\"\" width=\"848\" height=\"1200\" srcset=\"https:\/\/www.mosir-ketrzyn.pl\/wp-content\/uploads\/2020\/05\/1984.-Granica-Farel-001.jpg 848w, https:\/\/www.mosir-ketrzyn.pl\/wp-content\/uploads\/2020\/05\/1984.-Granica-Farel-001-212x300.jpg 212w, https:\/\/www.mosir-ketrzyn.pl\/wp-content\/uploads\/2020\/05\/1984.-Granica-Farel-001-724x1024.jpg 724w, https:\/\/www.mosir-ketrzyn.pl\/wp-content\/uploads\/2020\/05\/1984.-Granica-Farel-001-768x1087.jpg 768w\" sizes=\"auto, (max-width: 848px) 100vw, 848px\" \/><p id=\"caption-attachment-25514\" class=\"wp-caption-text\">1984. Granica &#8211; Farel<\/p><\/div>\n<div id=\"attachment_25515\" style=\"width: 823px\" class=\"wp-caption aligncenter\"><img loading=\"lazy\" decoding=\"async\" aria-describedby=\"caption-attachment-25515\" class=\"size-full wp-image-25515\" src=\"http:\/\/mosir-ketrzyn.pl\/wp-content\/uploads\/2020\/05\/1987.-Dyplom-za-III-m.-w-klasie-A-001.jpg\" alt=\"\" width=\"813\" height=\"1200\" srcset=\"https:\/\/www.mosir-ketrzyn.pl\/wp-content\/uploads\/2020\/05\/1987.-Dyplom-za-III-m.-w-klasie-A-001.jpg 813w, https:\/\/www.mosir-ketrzyn.pl\/wp-content\/uploads\/2020\/05\/1987.-Dyplom-za-III-m.-w-klasie-A-001-203x300.jpg 203w, https:\/\/www.mosir-ketrzyn.pl\/wp-content\/uploads\/2020\/05\/1987.-Dyplom-za-III-m.-w-klasie-A-001-694x1024.jpg 694w, https:\/\/www.mosir-ketrzyn.pl\/wp-content\/uploads\/2020\/05\/1987.-Dyplom-za-III-m.-w-klasie-A-001-768x1134.jpg 768w\" sizes=\"auto, (max-width: 813px) 100vw, 813px\" \/><p id=\"caption-attachment-25515\" class=\"wp-caption-text\">1987. Dyplom za III m. w klasie A<\/p><\/div>\n<div id=\"attachment_25516\" style=\"width: 833px\" class=\"wp-caption aligncenter\"><img loading=\"lazy\" decoding=\"async\" aria-describedby=\"caption-attachment-25516\" class=\"wp-image-25516 size-full\" src=\"https:\/\/www.mosir-ketrzyn.pl\/wp-content\/uploads\/2020\/05\/1987.-Dyplom-za-III-miejsce-II-zespolu-w-klasie-B.-001.jpg\" alt=\"\" width=\"823\" height=\"1200\" srcset=\"https:\/\/www.mosir-ketrzyn.pl\/wp-content\/uploads\/2020\/05\/1987.-Dyplom-za-III-miejsce-II-zespolu-w-klasie-B.-001.jpg 823w, https:\/\/www.mosir-ketrzyn.pl\/wp-content\/uploads\/2020\/05\/1987.-Dyplom-za-III-miejsce-II-zespolu-w-klasie-B.-001-206x300.jpg 206w, https:\/\/www.mosir-ketrzyn.pl\/wp-content\/uploads\/2020\/05\/1987.-Dyplom-za-III-miejsce-II-zespolu-w-klasie-B.-001-702x1024.jpg 702w, https:\/\/www.mosir-ketrzyn.pl\/wp-content\/uploads\/2020\/05\/1987.-Dyplom-za-III-miejsce-II-zespolu-w-klasie-B.-001-768x1120.jpg 768w\" sizes=\"auto, (max-width: 823px) 100vw, 823px\" \/><p id=\"caption-attachment-25516\" class=\"wp-caption-text\">1987. Dyplom za III miejsce II zespo\u0142u w klasie B<\/p><\/div>\n<div id=\"attachment_25517\" style=\"width: 940px\" class=\"wp-caption aligncenter\"><img loading=\"lazy\" decoding=\"async\" aria-describedby=\"caption-attachment-25517\" class=\"wp-image-25517 size-full\" src=\"https:\/\/www.mosir-ketrzyn.pl\/wp-content\/uploads\/2020\/05\/1988.-Artykul-z-5-lipca-w-Gazecie-Olsztynskiej-cd.-001.jpg\" alt=\"\" width=\"930\" height=\"1200\" srcset=\"https:\/\/www.mosir-ketrzyn.pl\/wp-content\/uploads\/2020\/05\/1988.-Artykul-z-5-lipca-w-Gazecie-Olsztynskiej-cd.-001.jpg 930w, https:\/\/www.mosir-ketrzyn.pl\/wp-content\/uploads\/2020\/05\/1988.-Artykul-z-5-lipca-w-Gazecie-Olsztynskiej-cd.-001-233x300.jpg 233w, https:\/\/www.mosir-ketrzyn.pl\/wp-content\/uploads\/2020\/05\/1988.-Artykul-z-5-lipca-w-Gazecie-Olsztynskiej-cd.-001-794x1024.jpg 794w, https:\/\/www.mosir-ketrzyn.pl\/wp-content\/uploads\/2020\/05\/1988.-Artykul-z-5-lipca-w-Gazecie-Olsztynskiej-cd.-001-768x991.jpg 768w\" sizes=\"auto, (max-width: 930px) 100vw, 930px\" \/><p id=\"caption-attachment-25517\" class=\"wp-caption-text\">1988. Artyku\u0142 z 5 lipca w Gazecie Olsztyn\u0301skiej cd.<\/p><\/div>\n<div id=\"attachment_25518\" style=\"width: 760px\" class=\"wp-caption aligncenter\"><img loading=\"lazy\" decoding=\"async\" aria-describedby=\"caption-attachment-25518\" class=\"wp-image-25518 size-full\" src=\"https:\/\/www.mosir-ketrzyn.pl\/wp-content\/uploads\/2020\/05\/1988.-Artykul-z-dnia-5-lipca-w-Gazecie-Olsztynskiej-001.jpg\" alt=\"\" width=\"750\" height=\"1200\" srcset=\"https:\/\/www.mosir-ketrzyn.pl\/wp-content\/uploads\/2020\/05\/1988.-Artykul-z-dnia-5-lipca-w-Gazecie-Olsztynskiej-001.jpg 750w, https:\/\/www.mosir-ketrzyn.pl\/wp-content\/uploads\/2020\/05\/1988.-Artykul-z-dnia-5-lipca-w-Gazecie-Olsztynskiej-001-188x300.jpg 188w, https:\/\/www.mosir-ketrzyn.pl\/wp-content\/uploads\/2020\/05\/1988.-Artykul-z-dnia-5-lipca-w-Gazecie-Olsztynskiej-001-640x1024.jpg 640w\" sizes=\"auto, (max-width: 750px) 100vw, 750px\" \/><p id=\"caption-attachment-25518\" class=\"wp-caption-text\">1988. Artyku\u0142 z dnia 5 lipca w Gazecie Olsztyn\u0301skiej<\/p><\/div>\n<div id=\"attachment_25519\" style=\"width: 813px\" class=\"wp-caption aligncenter\"><img loading=\"lazy\" decoding=\"async\" aria-describedby=\"caption-attachment-25519\" class=\"wp-image-25519 size-full\" src=\"https:\/\/www.mosir-ketrzyn.pl\/wp-content\/uploads\/2020\/05\/1989.-Awans-I-zespolu.-001.jpg\" alt=\"\" width=\"803\" height=\"1200\" srcset=\"https:\/\/www.mosir-ketrzyn.pl\/wp-content\/uploads\/2020\/05\/1989.-Awans-I-zespolu.-001.jpg 803w, https:\/\/www.mosir-ketrzyn.pl\/wp-content\/uploads\/2020\/05\/1989.-Awans-I-zespolu.-001-201x300.jpg 201w, https:\/\/www.mosir-ketrzyn.pl\/wp-content\/uploads\/2020\/05\/1989.-Awans-I-zespolu.-001-685x1024.jpg 685w, https:\/\/www.mosir-ketrzyn.pl\/wp-content\/uploads\/2020\/05\/1989.-Awans-I-zespolu.-001-768x1148.jpg 768w\" sizes=\"auto, (max-width: 803px) 100vw, 803px\" \/><p id=\"caption-attachment-25519\" class=\"wp-caption-text\">1989. Awans I zespo\u0142u.<\/p><\/div>\n<div id=\"attachment_25520\" style=\"width: 851px\" class=\"wp-caption aligncenter\"><img loading=\"lazy\" decoding=\"async\" aria-describedby=\"caption-attachment-25520\" class=\"wp-image-25520 size-full\" src=\"https:\/\/www.mosir-ketrzyn.pl\/wp-content\/uploads\/2020\/05\/1989.-Awans-II-zespolu.-001.jpg\" alt=\"\" width=\"841\" height=\"1200\" srcset=\"https:\/\/www.mosir-ketrzyn.pl\/wp-content\/uploads\/2020\/05\/1989.-Awans-II-zespolu.-001.jpg 841w, https:\/\/www.mosir-ketrzyn.pl\/wp-content\/uploads\/2020\/05\/1989.-Awans-II-zespolu.-001-210x300.jpg 210w, https:\/\/www.mosir-ketrzyn.pl\/wp-content\/uploads\/2020\/05\/1989.-Awans-II-zespolu.-001-718x1024.jpg 718w, https:\/\/www.mosir-ketrzyn.pl\/wp-content\/uploads\/2020\/05\/1989.-Awans-II-zespolu.-001-768x1096.jpg 768w\" sizes=\"auto, (max-width: 841px) 100vw, 841px\" \/><p id=\"caption-attachment-25520\" class=\"wp-caption-text\">1989. Awans II zespo\u0142u.<\/p><\/div>\n<div id=\"attachment_25521\" style=\"width: 606px\" class=\"wp-caption aligncenter\"><img loading=\"lazy\" decoding=\"async\" aria-describedby=\"caption-attachment-25521\" class=\"wp-image-25521 size-full\" src=\"https:\/\/www.mosir-ketrzyn.pl\/wp-content\/uploads\/2020\/05\/1992.-Gazeta-Olsztynska-o-meczu-Granica-Warmia-001.jpg\" alt=\"\" width=\"596\" height=\"1200\" srcset=\"https:\/\/www.mosir-ketrzyn.pl\/wp-content\/uploads\/2020\/05\/1992.-Gazeta-Olsztynska-o-meczu-Granica-Warmia-001.jpg 596w, https:\/\/www.mosir-ketrzyn.pl\/wp-content\/uploads\/2020\/05\/1992.-Gazeta-Olsztynska-o-meczu-Granica-Warmia-001-149x300.jpg 149w, https:\/\/www.mosir-ketrzyn.pl\/wp-content\/uploads\/2020\/05\/1992.-Gazeta-Olsztynska-o-meczu-Granica-Warmia-001-509x1024.jpg 509w\" sizes=\"auto, (max-width: 596px) 100vw, 596px\" \/><p id=\"caption-attachment-25521\" class=\"wp-caption-text\">1992. Gazeta Olsztyn\u0301ska o meczu Granica &#8211; Warmia<\/p><\/div>\n<div id=\"attachment_25522\" style=\"width: 1210px\" class=\"wp-caption aligncenter\"><img loading=\"lazy\" decoding=\"async\" aria-describedby=\"caption-attachment-25522\" class=\"size-full wp-image-25522\" src=\"http:\/\/mosir-ketrzyn.pl\/wp-content\/uploads\/2020\/05\/1992.-Lokalnie-o-meczu-Granica-Warmia.-001.jpg\" alt=\"\" width=\"1200\" height=\"532\" srcset=\"https:\/\/www.mosir-ketrzyn.pl\/wp-content\/uploads\/2020\/05\/1992.-Lokalnie-o-meczu-Granica-Warmia.-001.jpg 1200w, https:\/\/www.mosir-ketrzyn.pl\/wp-content\/uploads\/2020\/05\/1992.-Lokalnie-o-meczu-Granica-Warmia.-001-300x133.jpg 300w, https:\/\/www.mosir-ketrzyn.pl\/wp-content\/uploads\/2020\/05\/1992.-Lokalnie-o-meczu-Granica-Warmia.-001-1024x454.jpg 1024w, https:\/\/www.mosir-ketrzyn.pl\/wp-content\/uploads\/2020\/05\/1992.-Lokalnie-o-meczu-Granica-Warmia.-001-768x340.jpg 768w\" sizes=\"auto, (max-width: 1200px) 100vw, 1200px\" \/><p id=\"caption-attachment-25522\" class=\"wp-caption-text\">1992. Lokalnie o meczu Granica &#8211; Warmia.<\/p><\/div>\n<div id=\"attachment_25523\" style=\"width: 1210px\" class=\"wp-caption aligncenter\"><img loading=\"lazy\" decoding=\"async\" aria-describedby=\"caption-attachment-25523\" class=\"wp-image-25523 size-full\" src=\"https:\/\/www.mosir-ketrzyn.pl\/wp-content\/uploads\/2020\/05\/1992.-Zespol-seniorow-z-trenerem-Lubienieckim.-001.jpg\" alt=\"\" width=\"1200\" height=\"700\" srcset=\"https:\/\/www.mosir-ketrzyn.pl\/wp-content\/uploads\/2020\/05\/1992.-Zespol-seniorow-z-trenerem-Lubienieckim.-001.jpg 1200w, https:\/\/www.mosir-ketrzyn.pl\/wp-content\/uploads\/2020\/05\/1992.-Zespol-seniorow-z-trenerem-Lubienieckim.-001-300x175.jpg 300w, https:\/\/www.mosir-ketrzyn.pl\/wp-content\/uploads\/2020\/05\/1992.-Zespol-seniorow-z-trenerem-Lubienieckim.-001-1024x597.jpg 1024w, https:\/\/www.mosir-ketrzyn.pl\/wp-content\/uploads\/2020\/05\/1992.-Zespol-seniorow-z-trenerem-Lubienieckim.-001-768x448.jpg 768w\" sizes=\"auto, (max-width: 1200px) 100vw, 1200px\" \/><p id=\"caption-attachment-25523\" class=\"wp-caption-text\">1992. Zespo\u0301\u0142 senioro\u0301w z trenerem Lubienieckim.<\/p><\/div>\n<div id=\"attachment_25524\" style=\"width: 1210px\" class=\"wp-caption aligncenter\"><img loading=\"lazy\" decoding=\"async\" aria-describedby=\"caption-attachment-25524\" class=\"wp-image-25524 size-full\" src=\"https:\/\/www.mosir-ketrzyn.pl\/wp-content\/uploads\/2020\/05\/1993.-Lawka-rezerwowych.-001.jpg\" alt=\"\" width=\"1200\" height=\"675\" srcset=\"https:\/\/www.mosir-ketrzyn.pl\/wp-content\/uploads\/2020\/05\/1993.-Lawka-rezerwowych.-001.jpg 1200w, https:\/\/www.mosir-ketrzyn.pl\/wp-content\/uploads\/2020\/05\/1993.-Lawka-rezerwowych.-001-300x169.jpg 300w, https:\/\/www.mosir-ketrzyn.pl\/wp-content\/uploads\/2020\/05\/1993.-Lawka-rezerwowych.-001-1024x576.jpg 1024w, https:\/\/www.mosir-ketrzyn.pl\/wp-content\/uploads\/2020\/05\/1993.-Lawka-rezerwowych.-001-768x432.jpg 768w\" sizes=\"auto, (max-width: 1200px) 100vw, 1200px\" \/><p id=\"caption-attachment-25524\" class=\"wp-caption-text\">1993. \u0141awka rezerwowych.<\/p><\/div>\n<div id=\"attachment_25525\" style=\"width: 414px\" class=\"wp-caption aligncenter\"><img loading=\"lazy\" decoding=\"async\" aria-describedby=\"caption-attachment-25525\" class=\"size-full wp-image-25525\" src=\"http:\/\/mosir-ketrzyn.pl\/wp-content\/uploads\/2020\/05\/Znaczek-klubowy-GKS-Granica-001.jpg\" alt=\"\" width=\"404\" height=\"481\" srcset=\"https:\/\/www.mosir-ketrzyn.pl\/wp-content\/uploads\/2020\/05\/Znaczek-klubowy-GKS-Granica-001.jpg 404w, https:\/\/www.mosir-ketrzyn.pl\/wp-content\/uploads\/2020\/05\/Znaczek-klubowy-GKS-Granica-001-252x300.jpg 252w\" sizes=\"auto, (max-width: 404px) 100vw, 404px\" \/><p id=\"caption-attachment-25525\" class=\"wp-caption-text\">Znaczek klubowy GKS Granica<\/p><\/div>\n<p><em>Uwaga. Okres ten jest s\u0142abo udokumentowany fotografiami, wi\u0119c apel i pro\u015bba do wszystkich, kt\u00f3rzy dysponuj\u0105 pami\u0105tkami z tego ( i nie tylko) okresu&nbsp; o ich udost\u0119pnienie w celu skopiowania. Nie dajmy zapomnie\u0107 o ich bohaterach<\/em>. <em>Zainteresowanych prosimy o kontakt z Krzysztofem Krupienikiem &nbsp;z Miejskiego O\u015brodka Sportu i Rekreacji w K\u0119trzynie lub autorem niniejszego cyklu.<\/em>[\/vc_column_text][\/vc_column][\/vc_row]<\/p>\n<\/div>","protected":false},"excerpt":{"rendered":"<p>[vc_row][vc_column][vc_column_text css=&#8221;&#8221;] Sekcje sportowe klubu \u2013 pi\u0142ka no\u017cna (lata 1972 \u2013 1993) W roku 1972,&nbsp; po blisko sze\u015bcioletnim okresie przerwy pi\u0142karze Granicy ponownie pojawili si\u0119 na pi\u0142karskich boiskach wojew\u00f3dztwa. Zesp\u00f3\u0142 senior\u00f3w zosta\u0142 zakwalifikowany do \u00f3wczesnej klasy A ( drugi poziom wojew\u00f3dzki) w miejsce Zjednoczenia K\u0119trzyn. Sezon 1972\/1973 przyni\u00f3s\u0142 zas\u0142u\u017cony awans do klasy okr\u0119gowej, w kt\u00f3rej&hellip;<\/p>\n","protected":false},"author":2,"featured_media":25524,"comment_status":"closed","ping_status":"closed","sticky":false,"template":"","format":"standard","meta":{"inline_featured_image":false,"ngg_post_thumbnail":0,"footnotes":""},"categories":[46],"tags":[],"class_list":["post-25510","post","type-post","status-publish","format-standard","has-post-thumbnail","hentry","category-historia-ketrzynskiego-sportu","category-46","description-off"],"jetpack_featured_media_url":"https:\/\/www.mosir-ketrzyn.pl\/wp-content\/uploads\/2020\/05\/1993.-Lawka-rezerwowych.-001.jpg","_links":{"self":[{"href":"https:\/\/www.mosir-ketrzyn.pl\/index.php\/wp-json\/wp\/v2\/posts\/25510","targetHints":{"allow":["GET"]}}],"collection":[{"href":"https:\/\/www.mosir-ketrzyn.pl\/index.php\/wp-json\/wp\/v2\/posts"}],"about":[{"href":"https:\/\/www.mosir-ketrzyn.pl\/index.php\/wp-json\/wp\/v2\/types\/post"}],"author":[{"embeddable":true,"href":"https:\/\/www.mosir-ketrzyn.pl\/index.php\/wp-json\/wp\/v2\/users\/2"}],"replies":[{"embeddable":true,"href":"https:\/\/www.mosir-ketrzyn.pl\/index.php\/wp-json\/wp\/v2\/comments?post=25510"}],"version-history":[{"count":4,"href":"https:\/\/www.mosir-ketrzyn.pl\/index.php\/wp-json\/wp\/v2\/posts\/25510\/revisions"}],"predecessor-version":[{"id":36835,"href":"https:\/\/www.mosir-ketrzyn.pl\/index.php\/wp-json\/wp\/v2\/posts\/25510\/revisions\/36835"}],"wp:featuredmedia":[{"embeddable":true,"href":"https:\/\/www.mosir-ketrzyn.pl\/index.php\/wp-json\/wp\/v2\/media\/25524"}],"wp:attachment":[{"href":"https:\/\/www.mosir-ketrzyn.pl\/index.php\/wp-json\/wp\/v2\/media?parent=25510"}],"wp:term":[{"taxonomy":"category","embeddable":true,"href":"https:\/\/www.mosir-ketrzyn.pl\/index.php\/wp-json\/wp\/v2\/categories?post=25510"},{"taxonomy":"post_tag","embeddable":true,"href":"https:\/\/www.mosir-ketrzyn.pl\/index.php\/wp-json\/wp\/v2\/tags?post=25510"}],"curies":[{"name":"wp","href":"https:\/\/api.w.org\/{rel}","templated":true}]}}