{"id":25533,"date":"2020-05-27T18:14:03","date_gmt":"2020-05-27T16:14:03","guid":{"rendered":"http:\/\/mosir-ketrzyn.pl\/?p=25533"},"modified":"2025-05-09T12:37:46","modified_gmt":"2025-05-09T10:37:46","slug":"historia-ketrzynskiego-sportu-ketrzynski-klub-sportowy-granica-cz-vi","status":"publish","type":"post","link":"https:\/\/www.mosir-ketrzyn.pl\/index.php\/2020\/05\/27\/historia-ketrzynskiego-sportu-ketrzynski-klub-sportowy-granica-cz-vi\/","title":{"rendered":"Historia k\u0119trzy\u0144skiego sportu. K\u0119trzy\u0144ski Klub Sportowy Granica \u2013 cz.VI"},"content":{"rendered":"<div class=\"wpb-content-wrapper\"><p>[vc_row][vc_column][vc_column_text css=&#8221;&#8221;]<\/p>\n<h4 style=\"text-align: center;\"><strong>Sekcje sportowe klubu \u2013 pi\u0142ka no\u017cna ( lata 1993 &#8211; 1998)<\/strong><\/h4>\n<p class=\"p1\">Do sezonu 1993\/1994 zawodnicy przygotowywali si\u0119 na obozie w Kownie (Litwa) rozgrywaj\u0105c tam kilka warto\u015bciowych sparing\u00f3w, w tym z pierwszoligow\u0105 Bang\u0105 Kowno.<span class=\"Apple-converted-space\">&nbsp; <\/span>Solidnie przepracowany okres przygotowawczy oraz spory potencja\u0142 drzemi\u0105cy w zawodnikach Granicy da\u0142 im pierwsze miejsce w rozgrywkach klasy okr\u0119gowej po rundzie jesiennej i nadziej\u0119 na wysok\u0105 lokat\u0119 w ca\u0142ym sezonie. Niestety, wiosn\u0105 nie by\u0142o ju\u017c tak dobrze i ostatecznie sko\u0144czy\u0142o si\u0119 na miejscu tu\u017c za podium.<span class=\"Apple-converted-space\">&nbsp; &nbsp;<\/span><\/p>\n<p class=\"p1\">\u00d3wczesn\u0105 kadr\u0119 zespo\u0142u tworzyli<b><i>:<\/i><\/b><i> <\/i><b><i>Borucki<span class=\"Apple-converted-space\">&nbsp; <\/span>Przemys\u0142aw<\/i><\/b><i>, <\/i><b><i>Bicki S\u0142awomir<\/i><\/b><i>, <\/i><b><i>Chajewski<span class=\"Apple-converted-space\">&nbsp; <\/span>Remigiusz,<\/i><\/b><i> <\/i><b><i>Domurad<span class=\"Apple-converted-space\">&nbsp; <\/span>Jaros\u0142aw<\/i><\/b><i>, <span class=\"Apple-converted-space\">&nbsp; <\/span><\/i><b><i>Fara\u0144czuk<span class=\"Apple-converted-space\">&nbsp; <\/span>Artur<\/i><\/b><i>, <\/i><b><i>Kuku\u0142ka<span class=\"Apple-converted-space\">&nbsp; <\/span>Jacek<\/i><\/b><i>, <\/i><b><i>Kupis<span class=\"Apple-converted-space\">&nbsp; <\/span>Artur (w),<\/i><\/b><i><span class=\"Apple-converted-space\">&nbsp; <\/span><\/i><b><i>Lubieniecki Daniel,<\/i><\/b><i> <\/i><b><i>Madej Janusz, Martynajtis<span class=\"Apple-converted-space\">&nbsp; <\/span>Przemys\u0142aw<\/i><\/b><i>,<span class=\"Apple-converted-space\">&nbsp; <\/span><\/i><b><i>Moroz <span class=\"Apple-converted-space\">&nbsp; <\/span>Piotr,<\/i><\/b><i> <\/i><b><i>Mszanowski<span class=\"Apple-converted-space\">&nbsp; <\/span>Karol<\/i><\/b><i>, <\/i><b><i>Madej Janusz ( w),<\/i><\/b><i> <\/i><b><i>Mesjasz<span class=\"Apple-converted-space\">&nbsp; <\/span>Zbigniew,<\/i><\/b><i> <\/i><b><i>Moczarski<span class=\"Apple-converted-space\">&nbsp; <\/span>Jaros\u0142aw<\/i><\/b><i>, <\/i><b><i>Na\u0142ysnyk<span class=\"Apple-converted-space\">&nbsp; <\/span>Maciej<\/i><\/b><i>,<span class=\"Apple-converted-space\">&nbsp; <\/span><\/i><b><i>Piechna<span class=\"Apple-converted-space\">&nbsp; <\/span>Jaros\u0142aw, Poca\u0142ujko<span class=\"Apple-converted-space\">&nbsp; <\/span>S\u0142awomir,<span class=\"Apple-converted-space\">&nbsp; <\/span>Rypina Krzysztof, Sobiech Robert, Szorc<span class=\"Apple-converted-space\">&nbsp; <\/span>Dariusz, Sosnowski<span class=\"Apple-converted-space\">&nbsp; <\/span>Jaros\u0142aw,<span class=\"Apple-converted-space\">&nbsp; <\/span>Sucharzewski<span class=\"Apple-converted-space\">&nbsp; <\/span>Pawe\u0142<\/i><\/b><i>,<\/i><b><i>Wojda<span class=\"Apple-converted-space\">&nbsp; <\/span>Mariusz<\/i><\/b><i>, <\/i><b><i>Wi\u015bniewski Jacek,<\/i><\/b><i><span class=\"Apple-converted-space\">&nbsp; <\/span><\/i><b><i>Wi\u015bniewski<span class=\"Apple-converted-space\">&nbsp; <\/span>S\u0142awomir,<\/i><\/b><i> <\/i><b><i>Wtulich<span class=\"Apple-converted-space\">&nbsp; <\/span>Mariusz.<span class=\"Apple-converted-space\">&nbsp; <\/span><\/i><\/b>Trenerem by\u0142 <i> <\/i><b><i>Krupienik Krzysztof, <\/i><\/b>a<b><i> <\/i><\/b>kierownikiem<span class=\"Apple-converted-space\">&nbsp; <\/span>dru\u017cyny<i> <\/i><b><i>Sopy\u0142a Wies\u0142aw<\/i><\/b><span class=\"s1\">.<\/span><\/p>\n<p class=\"p1\">W kwietniu 1995 dosz\u0142o do istotnych zmian personalnych w sk\u0142adzie zarz\u0105du klubu, kt\u00f3re zapocz\u0105tkowane proces wybudzania Granicy z<span class=\"Apple-converted-space\">&nbsp; <\/span>\u201eletargu\u201d i odradzania jej pi\u0142karskiej pozycji w wojew\u00f3dztwie. W sk\u0142ad zarz\u0105du powo\u0142ano kilku nowych cz\u0142onk\u00f3w, a w\u015br\u00f3d nich mi\u0119dzy innymi:<span class=\"Apple-converted-space\">&nbsp; <\/span>\u00f3wczesnego burmistrza K\u0119trzyna<span class=\"Apple-converted-space\">&nbsp; <\/span><b><i>Krzysztofa He\u0107mana oraz <\/i><\/b> <b><i>Ryszarda Niedzi\u00f3\u0142k\u0119,<span class=\"Apple-converted-space\">&nbsp; <\/span>W\u0142adys\u0142awa Kwa\u015bniewskiego,<span class=\"Apple-converted-space\">&nbsp; <\/span>Andrzeja Tomczaka, Wac\u0142awa Lema\u0144skiego, Mariana Czerniawskiego, Waldemara Milewicza, Wies\u0142awa Sopy\u0142\u0119,<span class=\"Apple-converted-space\">&nbsp; <\/span>Franciszka Waszkiewicza, Wies\u0142awa Wieczorka<\/i><\/b>, a nieco p\u00f3\u017aniej <b><i>Jana Banaszczyka i Edwarda Szubstarskiego<\/i><\/b>. W pa\u017adzierniku <b><i>Ryszarda Rzepiejewskiego<\/i><\/b> na fotelu prezesa zamieni\u0142 <b><i>Andrzej Tomczak. <\/i><\/b><\/p>\n<p class=\"p1\">Efekty pracy nowego zarz\u0105du nie przysz\u0142y od razu. Mimo dobrych warunk\u00f3w stworzonych w okresach przygotowawczych sezonu 1995\/1996 ( latem ob\u00f3z w Go\u0142dapii, zim\u0105 w Krynicy), dru\u017cyna zawiod\u0142a oczekiwania i zaj\u0119\u0142a ostatecznie 7 miejsce w rozgrywkach, w kt\u00f3rych dru\u017cyny z miejsc 2-6 uzyskiwa\u0142y awans do nowo utworzonej IV ligi warszawsko &#8211; olszty\u0144skiej.<span class=\"Apple-converted-space\">&nbsp; <\/span>Oczywi\u015bcie jednoosobow\u0105 win\u0105 za brak awansu obarczono trenera i ju\u017c w<span class=\"Apple-converted-space\">&nbsp; <\/span>maju 1996 roku \u201epodzi\u0119kowano\u201d za prac\u0119.<\/p>\n<p class=\"p1\">Warto zaznaczy\u0107, \u017ce kadr\u0119 zespo\u0142u stanowili przede wszystkim zawodnicy miejscowi \u2013 wychowankowie klubu, ale tak\u017ce, cho\u0107 w niewielkim stopniu powo\u0142ywani do s\u0142u\u017cby w Stra\u017cy Granicznej zawodnicy innych klub\u00f3w wojew\u00f3dztwa.<\/p>\n<p class=\"p1\">Celem sezonu 1996\/1997 mia\u0142 by\u0107 tytu\u0142 mistrzowski, a tym samym awans do makroregionu. To by\u0142o zadanie dla nowego trenera Granicy <b><i>Miros\u0142awa Gassa. <\/i><\/b>Niestety, mi\u0119dzy trenerem a zawodnikami zabrak\u0142o \u201echemii\u201d i po przegranym w Olsztynku meczu z tamtejsz\u0105 Olimpi\u0105 ( 13.10.1996 r.) trener<span class=\"Apple-converted-space\">&nbsp; <\/span>nieoczekiwanie opu\u015bci\u0142 zesp\u00f3\u0142 i ju\u017c wi\u0119cej nie pojawi\u0142 si\u0119 na \u0142awce trenerskiej. Z konieczno\u015bci<span class=\"Apple-converted-space\">&nbsp; <\/span>w ko\u0144cowej fazie rundy jesiennej zesp\u00f3\u0142 prowadzi\u0142 jego kierownik <b><i>Wies\u0142aw Sopy\u0142a<\/i><\/b>.<span class=\"Apple-converted-space\">&nbsp; <\/span>Na p\u00f3\u0142metku rozgrywek i dw\u00f3ch meczach rundy wiosennej rozegranych awansem Granica zajmowa\u0142a w tabeli drugie miejsce z 7 punktami straty do Olimpii.<\/p>\n<p class=\"p1\">K\u0119trzy\u0144scy dzia\u0142acze nie za\u0142amali jednak r\u0105k. Postanowili sprowadzi\u0107 do K\u0119trzyna sprawdzonego<span class=\"Apple-converted-space\">&nbsp; <\/span>ju\u017c wcze\u015bniej szkoleniowca z Litwy <b><i>Paw\u0142a Grygonisa.<\/i><\/b> Pod jego kierunkiem to co po jesieni zdawa\u0142o si\u0119 nieosi\u0105galne, sta\u0142o si\u0119 faktem. Granica zosta\u0142a mistrzem. Na 11 wiosennych mecz\u00f3w wygra\u0142a 9, po<span class=\"Apple-converted-space\">&nbsp; <\/span>jednym<span class=\"Apple-converted-space\">&nbsp; <\/span>zremisowa\u0142a i przegra\u0142a, notuj\u0105c imponuj\u0105cy stosunek bramkowy<span class=\"Apple-converted-space\">&nbsp; <\/span>40 : 4 ( bez meczu z Victori\u0105 II wygranego walkowerem). Aby doceni\u0107 warto\u015b\u0107 osi\u0105gni\u0119tego sukcesu nale\u017cy doda\u0107, \u017ce zesp\u00f3\u0142 personalnie<span class=\"Apple-converted-space\">&nbsp; <\/span>nie zmieni\u0142 si\u0119 w stosunku do tego z jesieni. Z niewielkimi wyj\u0105tkami grali ci sami zawodnicy. To by\u0142 czas, kiedy k\u0119trzy\u0144scy pi\u0142karze nie tylko powr\u00f3cili <span class=\"Apple-converted-space\">&nbsp; <\/span>do wojew\u00f3dzkiej czo\u0142\u00f3wki, ale te\u017c odzyskali serca kibic\u00f3w. Meczem, kt\u00f3ry zapad\u0142 w pami\u0119ci by\u0142 ten rozegrany 8 czerwca 1997 roku, kiedy do K\u0119trzyna przyjecha\u0142 zesp\u00f3\u0142 Olimpii Olsztynek. Mia\u0142 on da\u0107 odpowied\u017a na pytanie, kt\u00f3ry z zespo\u0142\u00f3w zas\u0142ugiwa\u0107 b\u0119dzie na tytu\u0142 mistrzowski. Na wype\u0142nionym kibicami k\u0119trzy\u0144skim stadionie &#8211;<span class=\"Apple-converted-space\">&nbsp; <\/span>m\u00f3wi\u0142o si\u0119 o 2 tysi\u0105cach &#8211; <span class=\"Apple-converted-space\">&nbsp; <\/span>Granica \u201ekoncertowo\u201d ogra\u0142a rywali 3:0,<span class=\"Apple-converted-space\">&nbsp; <\/span>po golach Koz\u0142owskiego, Szorca<span class=\"Apple-converted-space\">&nbsp; <\/span>i Chajewskiego. <span class=\"Apple-converted-space\">&nbsp; &nbsp; <\/span><\/p>\n<p class=\"p1\"><span class=\"Apple-converted-space\"><img loading=\"lazy\" decoding=\"async\" class=\"aligncenter wp-image-25535 size-full\" src=\"https:\/\/www.mosir-ketrzyn.pl\/wp-content\/uploads\/2020\/05\/1-1-724x1024-1.jpg\" alt=\"\" width=\"724\" height=\"1024\" srcset=\"https:\/\/www.mosir-ketrzyn.pl\/wp-content\/uploads\/2020\/05\/1-1-724x1024-1.jpg 724w, https:\/\/www.mosir-ketrzyn.pl\/wp-content\/uploads\/2020\/05\/1-1-724x1024-1-212x300.jpg 212w\" sizes=\"auto, (max-width: 724px) 100vw, 724px\" \/><\/span><\/p>\n<p class=\"p1\"><span class=\"Apple-converted-space\"><img loading=\"lazy\" decoding=\"async\" class=\"aligncenter wp-image-25536 size-full\" src=\"https:\/\/www.mosir-ketrzyn.pl\/wp-content\/uploads\/2020\/05\/1-2-724x1024-1.jpg\" alt=\"\" width=\"724\" height=\"1024\" srcset=\"https:\/\/www.mosir-ketrzyn.pl\/wp-content\/uploads\/2020\/05\/1-2-724x1024-1.jpg 724w, https:\/\/www.mosir-ketrzyn.pl\/wp-content\/uploads\/2020\/05\/1-2-724x1024-1-212x300.jpg 212w\" sizes=\"auto, (max-width: 724px) 100vw, 724px\" \/><\/span><\/p>\n<p class=\"p1\">Odniesiony sukces nieco uchyli\u0142 Granicy \u201eokna\u201d na pi\u0142karski \u015bwiat.<span class=\"Apple-converted-space\">&nbsp; <\/span>Uhonorowaniem osi\u0105gni\u0119tego wyniku oraz jubileuszu 50 \u2013 lecia klubu, a tak\u017ce 640 rocznicy powstania K\u0119trzyna by\u0142o powierzenie miastu organizacji VII Memoria\u0142u Aleksandra Kupcewicza i towarzysz\u0105cego mu meczu \u201eGwiazdy \u2013 Kadra Olszty\u0144skiego OZPN.<\/p>\n<p class=\"p1\">27 czerwca 1947 r. komplet publiczno\u015bci na Bydgoskiej by\u0142 \u015bwiadkiem stoj\u0105cego na wysokim poziomie meczu oraz wielu towarzysz\u0105cych mu atrakcji. Z k\u0119trzy\u0144skiego punktu widzenia symbolicznym by\u0142 udzia\u0142 w tym meczu wychowanka Granicy, w\u00f3wczas bramkarza Ruchu Chorz\u00f3w <b><i>Piotra Lecha<\/i><\/b>, kt\u00f3ry jako jeden z niewielu zdo\u0142a\u0142 osi\u0105gn\u0105\u0107 poziom zawodnika najwy\u017cszej klasy rozgrywkowej w Polsce. Mecz zako\u0144czy\u0142 si\u0119 wynikiem 6:4<span class=\"Apple-converted-space\">&nbsp; <\/span>dla \u201eGwiazd\u201d a gole strzelili: Zejer i Tyszkiewicz po 2 oraz Witkowski i Wiereszko, <span class=\"Apple-converted-space\">&nbsp; <\/span>natomiast dla Kadry \u2013 Soboci\u0144ski<span class=\"Apple-converted-space\">&nbsp; <\/span>2 oraz<span class=\"Apple-converted-space\">&nbsp; <\/span>Preis i <b><i>Ma\u015bnik<\/i><\/b>.<span class=\"Apple-converted-space\">&nbsp; <\/span>Dru\u017cyna \u201eGwiazd\u201d wyst\u0105pi\u0142a w sk\u0142adzie : Bako Jaros\u0142aw, <b>Charbicki Pawe\u0142<\/b>, <b>Lech Piotr,<\/b> Biedrzycki Andrzej, P\u0142oski Jaros\u0142aw, <b>Michalewski Bogdan,<\/b> Witkowski Marek,<span class=\"Apple-converted-space\">&nbsp; <\/span>Zejer Adam, Zaj\u0105czkowski Piotr, Jackiewicz Dariusz, Tyszkiewicz Piotr, Kry\u0144ski Marek,<span class=\"Apple-converted-space\">&nbsp; <\/span>Wiereszko Arkadiusz, Jurkowski Bartosz, Pruche\u0144ski Janusz oraz powo\u0142any w trybie awaryjnym <b>Sosnowski Jaros\u0142aw.<\/b><span class=\"Apple-converted-space\">&nbsp; <\/span>Trenerami byli <b>\u0141obocki J\u00f3zef i Grigonis Pawe\u0142 a <\/b>kierownikiem dru\u017cyny <b>Sopy\u0142a Wies\u0142aw.<\/b> Kadr\u0119 Ol.OZPN reprezentowali natomiast:<span class=\"Apple-converted-space\">&nbsp; <\/span>Klimek Arkadiusz, (Stomil Olsztyn ), <b>B\u0142a\u017cejewski Marcin<\/b>, Januszewski Artur<b>,<\/b> <b>Kaczor Rafa\u0142,<\/b> Krzto\u0144 Piotr, \u0141achacz Micha\u0142, \u0141otysz Piotr, <b>Machniak Mariusz, Ma\u015bnik Krzysztof,<\/b> <b>Stry\u017cko Wojciech<\/b>,<span class=\"Apple-converted-space\">&nbsp; <\/span>Zega Tomasz<span class=\"Apple-converted-space\">&nbsp; <\/span>( Warmia Olsztyn ), Preis Dariusz,<span class=\"Apple-converted-space\">&nbsp; <\/span>Radzinski Tomasz,<span class=\"Apple-converted-space\">&nbsp; <\/span>Sobocinski Remigiusz, \u015awi\u0119cki S\u0142awomir<b> <\/b>( Jeziorak I\u0142awa),<span class=\"Apple-converted-space\">&nbsp; <\/span><b>Fara\u0144czuk Artur, Chajewski Remigiusz, Poca\u0142ujko S\u0142awomir<\/b><span class=\"Apple-converted-space\">&nbsp; <\/span>( Granica K\u0119trzyn), W\u0142odarczyk Tomasz ( Victoria Bartoszyce), <b>Kry\u0144ski Wojciech<\/b> ( Rolimpex Warfama Dobre Miasto).<\/p>\n<p class=\"p1\"><b> <\/b><span class=\"s1\"><i>Wyt\u0142uszczon\u0105 czcionka zaznaczono nazwiska os\u00f3b zwi\u0105zanych wcze\u015bniej lub p\u00f3\u017aniej z k\u0119trzy\u0144sk\u0105 Granic\u0105. <\/i><\/span><\/p>\n<p class=\"p1\">Wymienione wy\u017cej okoliczno\u015bci ( awans czy te\u017c mecz Gwiazdy \u2013 Kadra) zaostrzy\u0142 apetyt k\u0119trzy\u0144skiego \u015brodowiska na co\u015b wi\u0119cej ni\u017c tylko ciu\u0142anie punkt\u00f3w i balansowanie na kraw\u0119dzi g\u00f3rnej i dolnej cz\u0119\u015bci ligowej tabeli. Dlatego te\u017c,<span class=\"Apple-converted-space\">&nbsp; <\/span>niezw\u0142ocznie<span class=\"Apple-converted-space\">&nbsp; <\/span>po zako\u0144czeniu rozgrywek dokonano kolejnych zmian we w\u0142adzach klubu. Jego prezesem zosta\u0142 <b><i>Krzysztof He\u0107man<\/i><\/b>, wiceprezesami <b><i>Leszek Dudzik i W\u0142adys\u0142aw Kwa\u015bniewski<\/i><\/b>,<span class=\"Apple-converted-space\">&nbsp; <\/span><b><i>Wies\u0142aw Sopy\u0142a<\/i><\/b> sekretarzem a <b><i>Ryszard Sobieszczyk<\/i><\/b> cz\u0142onkiem zarz\u0105du. Nowy zarz\u0105d postawi\u0142 sobie za cel, aby przy wydatnej pomocy samorz\u0105dowych w\u0142adz miasta K\u0119trzyn oraz lokalnego biznesu, pod\u017awign\u0105\u0107 k\u0119trzy\u0144ski futbol z zastoju i zaznaczy\u0107 jego miejsce nie tylko<span class=\"Apple-converted-space\">&nbsp; <\/span>na pi\u0142karskiej mapie wojew\u00f3dztwa, ale r\u00f3wnie\u017c poza nim. Udzia\u0142 w rozgrywkach IV ligi makroregionalnej by\u0142y ku temu doskona\u0142a okazj\u0105. Bior\u0105c pod uwag\u0119 dotychczasow\u0105 rzeteln\u0105 i co najwa\u017cniejsze skuteczn\u0105 prac\u0119 <b><i>Paw\u0142a Grigonisa<\/i><\/b> to jemu<span class=\"Apple-converted-space\">&nbsp; <\/span>w\u0142a\u015bnie powierzono stery prowadzenia dru\u017cyny w tych rozgrywkach. Ten nie szuka\u0142 spektakularnych wzmocnie\u0144, opar\u0142 kadr\u0119 o sprawdzonych wcze\u015bniej zawodnik\u00f3w, pozyskuj\u0105c jedynie <b><i>Tomasza Cichowskiego<\/i><\/b> z MKS Korsze oraz <b><i>Sylwestra Steckiego <\/i><\/b>( wychowanka Granicy) z olszty\u0144skiej Warmii. Jak na beniaminka rozgrywek k\u0119trzynianie zaprezentowali si\u0119 wr\u0119cz rewelacyjnie, szczeg\u00f3lnie jesieni\u0105, czego efektem by\u0142a pozycja<span class=\"Apple-converted-space\">&nbsp; <\/span>lidera. Ostatecznie z 19 zwyci\u0119stwami, 6 remisami i 5 pora\u017ckami, Granica<span class=\"Apple-converted-space\">&nbsp; <\/span>na \u201emecie\u201d rozgrywek uplasowa\u0142a si\u0119 na drugim miejscu, daj\u0105c si\u0119 wyprzedzi\u0107 zespo\u0142owi MKS M\u0142awa, kt\u00f3ry po rundzie jesiennej zajmowa\u0142 dopiero 4 miejsce maj\u0105c strat\u0119 pi\u0119ciu punkt\u00f3w do lidera. Zesp\u00f3\u0142 z K\u0119trzyna zaprezentowa\u0142 w tych rozgrywkach bardzo ofensywny i co wa\u017cne skuteczny styl gry, co da\u0142o mu miano najbardziej bramkostrzelnego zespo\u0142u rozgrywek ( 72 gole ), a <b><i>Remigiuszowi Chajewskiemu<\/i><\/b> \u201ekoron\u0119\u201d kr\u00f3la strzelc\u00f3w rozgrywek<span class=\"Apple-converted-space\">&nbsp; &nbsp; <\/span>(26 goli).<span class=\"Apple-converted-space\">&nbsp; <\/span>Mimo pochlebnych opinii \u015brodowiska pi\u0142karskiego osi\u0105gni\u0119ty wynik zosta\u0142 potraktowany, zar\u00f3wno przez w\u0142adze klubu, jak i jego sympatyk\u00f3w jako \u2026. pora\u017ck\u0119.<span class=\"Apple-converted-space\">&nbsp; <\/span>Bo przecie\u017c po tak spektakularnej jesieni nic nie wskazywa\u0142o na to, \u017ce mo\u017ce zi\u015bci\u0107 si\u0119 inny scenariusz ni\u017c awans Granicy<span class=\"Apple-converted-space\">&nbsp; <\/span>do III ligi. Niestety, \u201efalstart\u201d w wiosennej rundzie rozgrywek i dwie pora\u017cki na jej pocz\u0105tku oraz p\u00f3\u017aniejsza przegrana w Warszawie z<span class=\"Apple-converted-space\">&nbsp; <\/span>przedostatni\u0105 Sarmat\u0105 pozbawi\u0142y Granic\u0119 powszechnie oczekiwanego awansu. Trzeba w tym miejscu jasno powiedzie\u0107, \u017ce wy\u0142\u0105cznie na w\u0142asne \u017cyczenie.<span class=\"Apple-converted-space\">&nbsp; <\/span>MKS M\u0142awa nie prezentowa\u0142 si\u0119 wiosn\u0105 a\u017c tak rewelacyjnie by powiedzie\u0107 \u017ce \u201edzieli\u0142 i rz\u0105dzi\u0142 \u201e ale skutecznie wykorzystuj\u0105c wpadki zawodnik\u00f3w znad Gubra,<span class=\"Apple-converted-space\">&nbsp; <\/span>zdo\u0142a\u0142 \u201d przeskoczy\u0107\u201d ich w tabeli.<span class=\"Apple-converted-space\">&nbsp; <\/span>Dlaczego k\u0119trzynianie zaprzepa\u015bcili w\u00f3wczas tak doskona\u0142\u0105 okazj\u0119 awansu jest do dzisiaj pytaniem, na kt\u00f3re trudno znale\u017a\u0107 jednoznaczn\u0105 odpowied\u017a. Koncepcji by\u0142o wiele,<span class=\"Apple-converted-space\">&nbsp; <\/span>lecz to nie miejsce i czas aby<span class=\"Apple-converted-space\">&nbsp; <\/span>rozwa\u017ca\u0107 je w niniejszym opracowaniu. Tak czy inaczej k\u0119trzy\u0144scy pi\u0142karze ju\u017c w\u00f3wczas zaprzepa\u015bcili szans\u0119 historycznego awansu na trzeci poziom pi\u0142karski w kraju.<\/p>\n<p><img loading=\"lazy\" decoding=\"async\" class=\"aligncenter wp-image-25537 size-full\" src=\"https:\/\/www.mosir-ketrzyn.pl\/wp-content\/uploads\/2020\/05\/2-1-725x1024-1.jpg\" alt=\"\" width=\"725\" height=\"1024\" srcset=\"https:\/\/www.mosir-ketrzyn.pl\/wp-content\/uploads\/2020\/05\/2-1-725x1024-1.jpg 725w, https:\/\/www.mosir-ketrzyn.pl\/wp-content\/uploads\/2020\/05\/2-1-725x1024-1-212x300.jpg 212w\" sizes=\"auto, (max-width: 725px) 100vw, 725px\" \/><\/p>\n<p><img loading=\"lazy\" decoding=\"async\" class=\"aligncenter size-full wp-image-25560\" src=\"http:\/\/mosir-ketrzyn.pl\/wp-content\/uploads\/2020\/05\/1.jpg\" alt=\"\" width=\"1024\" height=\"487\" srcset=\"https:\/\/www.mosir-ketrzyn.pl\/wp-content\/uploads\/2020\/05\/1.jpg 1024w, https:\/\/www.mosir-ketrzyn.pl\/wp-content\/uploads\/2020\/05\/1-300x143.jpg 300w, https:\/\/www.mosir-ketrzyn.pl\/wp-content\/uploads\/2020\/05\/1-768x365.jpg 768w\" sizes=\"auto, (max-width: 1024px) 100vw, 1024px\" \/><\/p>\n<p class=\"p1\"><em>Zesp\u00f3\u0142 KKS Granica K\u0119trzyn sezonu 1997\/1998.<\/em><\/p>\n<p class=\"p1\">Stoj\u0105 od lewej: <b><i>W\u0142adys\u0142aw Kwa\u015bniewski, Leszek Dudzik<\/i><\/b> &#8211; wiceprezesi, <b><i>Sylwester Stecki, Adam Chudzik, Sebastian Ko\u0142akowski, Daniel Lubieniecki, S\u0142awomir Poca\u0142ujko, Pawe\u0142 Grygonis, Zbigniew Mesjasz, Jaros\u0142aw Piechna, Jaros\u0142aw Moczarski, Tomasz Cichowski, Krzysztof He\u0107man<\/i><\/b> &#8211; prezes, <b><i>Wies\u0142aw Sopy\u0142a<\/i><\/b> \u2013 kierownik dru\u017cyny, <b><i>Zbigniew Wtulich<\/i><\/b> \u2013 kierownik klubu.<span class=\"Apple-converted-space\">&nbsp; &nbsp; &nbsp; &nbsp; &nbsp; &nbsp; &nbsp; &nbsp; &nbsp; &nbsp; &nbsp; &nbsp; &nbsp; &nbsp; &nbsp; &nbsp; &nbsp; &nbsp; &nbsp; &nbsp; &nbsp; &nbsp; &nbsp; &nbsp; &nbsp; &nbsp; &nbsp; &nbsp; &nbsp; &nbsp; &nbsp; &nbsp; &nbsp; &nbsp; &nbsp; &nbsp; &nbsp; &nbsp; &nbsp; &nbsp; &nbsp; &nbsp; &nbsp; &nbsp; &nbsp; &nbsp; &nbsp; &nbsp; &nbsp; &nbsp; &nbsp; &nbsp; &nbsp; &nbsp; &nbsp; &nbsp; &nbsp; &nbsp; &nbsp; &nbsp; &nbsp; &nbsp; &nbsp; &nbsp; &nbsp; &nbsp; &nbsp; &nbsp; &nbsp; &nbsp; &nbsp; &nbsp; &nbsp; &nbsp; &nbsp; &nbsp; &nbsp; &nbsp; &nbsp; <\/span>Siedz\u0105 od lewej: <b><i>Artur Koz\u0142owski, Jaros\u0142aw Domurad, Rafa\u0142 Dragun, Rados\u0142aw Dolewski, S\u0142awomir Wisniewski, Artur Fara\u0144czuk, Remigiusz Chajewski, Dariusz Szorc, Jaros\u0142aw Sosnowski, Robert Lech.<span class=\"Apple-converted-space\">&nbsp; <\/span><\/i><\/b>Na zdj\u0119ciu brakuje <b><i>Krystiana Miechowicza, Grzegorza Zalewskiego <\/i><\/b>oraz <b><i>Piotra Soko\u0142owskiego. <\/i><\/b><\/p>\n<p class=\"p4\" style=\"text-align: right;\">Wies\u0142aw<span class=\"Apple-converted-space\">&nbsp; <\/span>Sopy\u0142a.<\/p>\n<div id=\"attachment_25538\" style=\"width: 1034px\" class=\"wp-caption aligncenter\"><img loading=\"lazy\" decoding=\"async\" aria-describedby=\"caption-attachment-25538\" class=\"size-full wp-image-25538\" src=\"http:\/\/mosir-ketrzyn.pl\/wp-content\/uploads\/2020\/05\/1994.-W-Kownie.-001.jpg\" alt=\"\" width=\"1024\" height=\"576\" srcset=\"https:\/\/www.mosir-ketrzyn.pl\/wp-content\/uploads\/2020\/05\/1994.-W-Kownie.-001.jpg 1024w, https:\/\/www.mosir-ketrzyn.pl\/wp-content\/uploads\/2020\/05\/1994.-W-Kownie.-001-300x169.jpg 300w, https:\/\/www.mosir-ketrzyn.pl\/wp-content\/uploads\/2020\/05\/1994.-W-Kownie.-001-768x432.jpg 768w\" sizes=\"auto, (max-width: 1024px) 100vw, 1024px\" \/><p id=\"caption-attachment-25538\" class=\"wp-caption-text\">1994. W Kownie.<\/p><\/div><br \/>\n<div id=\"attachment_25539\" style=\"width: 1034px\" class=\"wp-caption aligncenter\"><img loading=\"lazy\" decoding=\"async\" aria-describedby=\"caption-attachment-25539\" class=\"wp-image-25539 size-full\" src=\"https:\/\/www.mosir-ketrzyn.pl\/wp-content\/uploads\/2020\/05\/1997.-Po-zwycieskim-meczu-z-Olimpia.-001.jpg\" alt=\"\" width=\"1024\" height=\"576\" srcset=\"https:\/\/www.mosir-ketrzyn.pl\/wp-content\/uploads\/2020\/05\/1997.-Po-zwycieskim-meczu-z-Olimpia.-001.jpg 1024w, https:\/\/www.mosir-ketrzyn.pl\/wp-content\/uploads\/2020\/05\/1997.-Po-zwycieskim-meczu-z-Olimpia.-001-300x169.jpg 300w, https:\/\/www.mosir-ketrzyn.pl\/wp-content\/uploads\/2020\/05\/1997.-Po-zwycieskim-meczu-z-Olimpia.-001-768x432.jpg 768w\" sizes=\"auto, (max-width: 1024px) 100vw, 1024px\" \/><p id=\"caption-attachment-25539\" class=\"wp-caption-text\">1997. Po zwycie\u0328skim meczu z Olimpia\u0328.<\/p><\/div><br \/>\n<div id=\"attachment_25540\" style=\"width: 1034px\" class=\"wp-caption aligncenter\"><img loading=\"lazy\" decoding=\"async\" aria-describedby=\"caption-attachment-25540\" class=\"size-full wp-image-25540\" src=\"http:\/\/mosir-ketrzyn.pl\/wp-content\/uploads\/2020\/05\/1994.-Na-obozie-w-Kownie.-001.jpg\" alt=\"\" width=\"1024\" height=\"576\" srcset=\"https:\/\/www.mosir-ketrzyn.pl\/wp-content\/uploads\/2020\/05\/1994.-Na-obozie-w-Kownie.-001.jpg 1024w, https:\/\/www.mosir-ketrzyn.pl\/wp-content\/uploads\/2020\/05\/1994.-Na-obozie-w-Kownie.-001-300x169.jpg 300w, https:\/\/www.mosir-ketrzyn.pl\/wp-content\/uploads\/2020\/05\/1994.-Na-obozie-w-Kownie.-001-768x432.jpg 768w\" sizes=\"auto, (max-width: 1024px) 100vw, 1024px\" \/><p id=\"caption-attachment-25540\" class=\"wp-caption-text\">1994. Na obozie w Kownie.<\/p><\/div><br \/>\n<div id=\"attachment_25541\" style=\"width: 1034px\" class=\"wp-caption aligncenter\"><img loading=\"lazy\" decoding=\"async\" aria-describedby=\"caption-attachment-25541\" class=\"size-full wp-image-25541\" src=\"http:\/\/mosir-ketrzyn.pl\/wp-content\/uploads\/2020\/05\/1993.-Przed-kolejnym-meczem-001.jpg\" alt=\"\" width=\"1024\" height=\"576\" srcset=\"https:\/\/www.mosir-ketrzyn.pl\/wp-content\/uploads\/2020\/05\/1993.-Przed-kolejnym-meczem-001.jpg 1024w, https:\/\/www.mosir-ketrzyn.pl\/wp-content\/uploads\/2020\/05\/1993.-Przed-kolejnym-meczem-001-300x169.jpg 300w, https:\/\/www.mosir-ketrzyn.pl\/wp-content\/uploads\/2020\/05\/1993.-Przed-kolejnym-meczem-001-768x432.jpg 768w\" sizes=\"auto, (max-width: 1024px) 100vw, 1024px\" \/><p id=\"caption-attachment-25541\" class=\"wp-caption-text\">1993. Przed kolejnym meczem<\/p><\/div><br \/>\n<div id=\"attachment_25542\" style=\"width: 1034px\" class=\"wp-caption aligncenter\"><img loading=\"lazy\" decoding=\"async\" aria-describedby=\"caption-attachment-25542\" class=\"wp-image-25542 size-full\" src=\"https:\/\/www.mosir-ketrzyn.pl\/wp-content\/uploads\/2020\/05\/1993.-Mistrzowie-.jesieni.-001.jpg\" alt=\"\" width=\"1024\" height=\"576\" srcset=\"https:\/\/www.mosir-ketrzyn.pl\/wp-content\/uploads\/2020\/05\/1993.-Mistrzowie-.jesieni.-001.jpg 1024w, https:\/\/www.mosir-ketrzyn.pl\/wp-content\/uploads\/2020\/05\/1993.-Mistrzowie-.jesieni.-001-300x169.jpg 300w, https:\/\/www.mosir-ketrzyn.pl\/wp-content\/uploads\/2020\/05\/1993.-Mistrzowie-.jesieni.-001-768x432.jpg 768w\" sizes=\"auto, (max-width: 1024px) 100vw, 1024px\" \/><p id=\"caption-attachment-25542\" class=\"wp-caption-text\">1993. Mistrzowie &#8230;jesieni.<\/p><\/div><br \/>\n<div id=\"attachment_25543\" style=\"width: 818px\" class=\"wp-caption aligncenter\"><img loading=\"lazy\" decoding=\"async\" aria-describedby=\"caption-attachment-25543\" class=\"size-full wp-image-25543\" src=\"http:\/\/mosir-ketrzyn.pl\/wp-content\/uploads\/2020\/05\/1998.-Wywiad-z-P.-Grygonisem-001.jpg\" alt=\"\" width=\"808\" height=\"1024\" srcset=\"https:\/\/www.mosir-ketrzyn.pl\/wp-content\/uploads\/2020\/05\/1998.-Wywiad-z-P.-Grygonisem-001.jpg 808w, https:\/\/www.mosir-ketrzyn.pl\/wp-content\/uploads\/2020\/05\/1998.-Wywiad-z-P.-Grygonisem-001-237x300.jpg 237w, https:\/\/www.mosir-ketrzyn.pl\/wp-content\/uploads\/2020\/05\/1998.-Wywiad-z-P.-Grygonisem-001-768x973.jpg 768w\" sizes=\"auto, (max-width: 808px) 100vw, 808px\" \/><p id=\"caption-attachment-25543\" class=\"wp-caption-text\">1998. Wywiad z P. Grygonisem<\/p><\/div><br \/>\n<div id=\"attachment_25544\" style=\"width: 1019px\" class=\"wp-caption aligncenter\"><img loading=\"lazy\" decoding=\"async\" aria-describedby=\"caption-attachment-25544\" class=\"size-full wp-image-25544\" src=\"http:\/\/mosir-ketrzyn.pl\/wp-content\/uploads\/2020\/05\/1997.-Publikacje-prasowe-po-awansie-Granicy-001.jpg\" alt=\"\" width=\"1009\" height=\"1024\" srcset=\"https:\/\/www.mosir-ketrzyn.pl\/wp-content\/uploads\/2020\/05\/1997.-Publikacje-prasowe-po-awansie-Granicy-001.jpg 1009w, https:\/\/www.mosir-ketrzyn.pl\/wp-content\/uploads\/2020\/05\/1997.-Publikacje-prasowe-po-awansie-Granicy-001-296x300.jpg 296w, https:\/\/www.mosir-ketrzyn.pl\/wp-content\/uploads\/2020\/05\/1997.-Publikacje-prasowe-po-awansie-Granicy-001-768x779.jpg 768w\" sizes=\"auto, (max-width: 1009px) 100vw, 1009px\" \/><p id=\"caption-attachment-25544\" class=\"wp-caption-text\">1997. Publikacje prasowe po awansie Granicy<\/p><\/div><br \/>\n<div id=\"attachment_25545\" style=\"width: 849px\" class=\"wp-caption aligncenter\"><img loading=\"lazy\" decoding=\"async\" aria-describedby=\"caption-attachment-25545\" class=\"wp-image-25545 size-full\" src=\"https:\/\/www.mosir-ketrzyn.pl\/wp-content\/uploads\/2020\/05\/1996.-Przed-runda-wiosenna-001.jpg\" alt=\"\" width=\"839\" height=\"1024\" srcset=\"https:\/\/www.mosir-ketrzyn.pl\/wp-content\/uploads\/2020\/05\/1996.-Przed-runda-wiosenna-001.jpg 839w, https:\/\/www.mosir-ketrzyn.pl\/wp-content\/uploads\/2020\/05\/1996.-Przed-runda-wiosenna-001-246x300.jpg 246w, https:\/\/www.mosir-ketrzyn.pl\/wp-content\/uploads\/2020\/05\/1996.-Przed-runda-wiosenna-001-768x937.jpg 768w\" sizes=\"auto, (max-width: 839px) 100vw, 839px\" \/><p id=\"caption-attachment-25545\" class=\"wp-caption-text\">1996. Przed runda wiosenna\u0328<\/p><\/div><br \/>\n<div id=\"attachment_25546\" style=\"width: 1034px\" class=\"wp-caption aligncenter\"><img loading=\"lazy\" decoding=\"async\" aria-describedby=\"caption-attachment-25546\" class=\"size-full wp-image-25546\" src=\"http:\/\/mosir-ketrzyn.pl\/wp-content\/uploads\/2020\/05\/1996.-Na-obozie-w-Krynicy.-001.jpg\" alt=\"\" width=\"1024\" height=\"576\" srcset=\"https:\/\/www.mosir-ketrzyn.pl\/wp-content\/uploads\/2020\/05\/1996.-Na-obozie-w-Krynicy.-001.jpg 1024w, https:\/\/www.mosir-ketrzyn.pl\/wp-content\/uploads\/2020\/05\/1996.-Na-obozie-w-Krynicy.-001-300x169.jpg 300w, https:\/\/www.mosir-ketrzyn.pl\/wp-content\/uploads\/2020\/05\/1996.-Na-obozie-w-Krynicy.-001-768x432.jpg 768w\" sizes=\"auto, (max-width: 1024px) 100vw, 1024px\" \/><p id=\"caption-attachment-25546\" class=\"wp-caption-text\">1996. Na obozie w Krynicy.<\/p><\/div><br \/>\n<div id=\"attachment_25547\" style=\"width: 1034px\" class=\"wp-caption aligncenter\"><img loading=\"lazy\" decoding=\"async\" aria-describedby=\"caption-attachment-25547\" class=\"wp-image-25547 size-full\" src=\"https:\/\/www.mosir-ketrzyn.pl\/wp-content\/uploads\/2020\/05\/1996.-I-tak-sie-gralo.-Sparing-z-Rominta-Goldap.-001.jpg\" alt=\"\" width=\"1024\" height=\"772\" srcset=\"https:\/\/www.mosir-ketrzyn.pl\/wp-content\/uploads\/2020\/05\/1996.-I-tak-sie-gralo.-Sparing-z-Rominta-Goldap.-001.jpg 1024w, https:\/\/www.mosir-ketrzyn.pl\/wp-content\/uploads\/2020\/05\/1996.-I-tak-sie-gralo.-Sparing-z-Rominta-Goldap.-001-300x226.jpg 300w, https:\/\/www.mosir-ketrzyn.pl\/wp-content\/uploads\/2020\/05\/1996.-I-tak-sie-gralo.-Sparing-z-Rominta-Goldap.-001-768x579.jpg 768w\" sizes=\"auto, (max-width: 1024px) 100vw, 1024px\" \/><p id=\"caption-attachment-25547\" class=\"wp-caption-text\">1996. I tak sie\u0328 gra\u0142o. Sparing z Rominta\u0328 Go\u0142dap<\/p><\/div><br \/>\n<div id=\"attachment_25548\" style=\"width: 733px\" class=\"wp-caption aligncenter\"><img loading=\"lazy\" decoding=\"async\" aria-describedby=\"caption-attachment-25548\" class=\"size-full wp-image-25548\" src=\"http:\/\/mosir-ketrzyn.pl\/wp-content\/uploads\/2020\/05\/1993.-Jeszcze-gwardyjska-001.jpg\" alt=\"\" width=\"723\" height=\"1024\" srcset=\"https:\/\/www.mosir-ketrzyn.pl\/wp-content\/uploads\/2020\/05\/1993.-Jeszcze-gwardyjska-001.jpg 723w, https:\/\/www.mosir-ketrzyn.pl\/wp-content\/uploads\/2020\/05\/1993.-Jeszcze-gwardyjska-001-212x300.jpg 212w\" sizes=\"auto, (max-width: 723px) 100vw, 723px\" \/><p id=\"caption-attachment-25548\" class=\"wp-caption-text\">1993. Jeszcze gwardyjska<\/p><\/div><br \/>\n<div id=\"attachment_25549\" style=\"width: 730px\" class=\"wp-caption aligncenter\"><img loading=\"lazy\" decoding=\"async\" aria-describedby=\"caption-attachment-25549\" class=\"wp-image-25549 size-full\" src=\"https:\/\/www.mosir-ketrzyn.pl\/wp-content\/uploads\/2020\/05\/1997.-Pamiatka-z-obchodow-50-lecia-klubu.-001.jpg\" alt=\"\" width=\"720\" height=\"1024\" srcset=\"https:\/\/www.mosir-ketrzyn.pl\/wp-content\/uploads\/2020\/05\/1997.-Pamiatka-z-obchodow-50-lecia-klubu.-001.jpg 720w, https:\/\/www.mosir-ketrzyn.pl\/wp-content\/uploads\/2020\/05\/1997.-Pamiatka-z-obchodow-50-lecia-klubu.-001-211x300.jpg 211w\" sizes=\"auto, (max-width: 720px) 100vw, 720px\" \/><p id=\"caption-attachment-25549\" class=\"wp-caption-text\">1997. Pamiatka z obchodo\u0301w 50 &#8211; lecia klubu.<\/p><\/div><br \/>\n<div id=\"attachment_25550\" style=\"width: 1034px\" class=\"wp-caption aligncenter\"><img loading=\"lazy\" decoding=\"async\" aria-describedby=\"caption-attachment-25550\" class=\"size-full wp-image-25550\" src=\"http:\/\/mosir-ketrzyn.pl\/wp-content\/uploads\/2020\/05\/1995.-Przed-sezonem-1995-1997.jpg\" alt=\"\" width=\"1024\" height=\"572\" srcset=\"https:\/\/www.mosir-ketrzyn.pl\/wp-content\/uploads\/2020\/05\/1995.-Przed-sezonem-1995-1997.jpg 1024w, https:\/\/www.mosir-ketrzyn.pl\/wp-content\/uploads\/2020\/05\/1995.-Przed-sezonem-1995-1997-300x168.jpg 300w, https:\/\/www.mosir-ketrzyn.pl\/wp-content\/uploads\/2020\/05\/1995.-Przed-sezonem-1995-1997-768x429.jpg 768w\" sizes=\"auto, (max-width: 1024px) 100vw, 1024px\" \/><p id=\"caption-attachment-25550\" class=\"wp-caption-text\">1995. Przed sezonem 1995-1997<\/p><\/div><br \/>\n<div id=\"attachment_25551\" style=\"width: 1034px\" class=\"wp-caption aligncenter\"><img loading=\"lazy\" decoding=\"async\" aria-describedby=\"caption-attachment-25551\" class=\"wp-image-25551 size-full\" src=\"https:\/\/www.mosir-ketrzyn.pl\/wp-content\/uploads\/2020\/05\/1994.-Granica-przed-runda-wiosenna.-001.jpg\" alt=\"\" width=\"1024\" height=\"641\" srcset=\"https:\/\/www.mosir-ketrzyn.pl\/wp-content\/uploads\/2020\/05\/1994.-Granica-przed-runda-wiosenna.-001.jpg 1024w, https:\/\/www.mosir-ketrzyn.pl\/wp-content\/uploads\/2020\/05\/1994.-Granica-przed-runda-wiosenna.-001-300x188.jpg 300w, https:\/\/www.mosir-ketrzyn.pl\/wp-content\/uploads\/2020\/05\/1994.-Granica-przed-runda-wiosenna.-001-768x481.jpg 768w\" sizes=\"auto, (max-width: 1024px) 100vw, 1024px\" \/><p id=\"caption-attachment-25551\" class=\"wp-caption-text\">1994. Granica przed runda\u0328 wiosenna\u0328.<\/p><\/div><br \/>\n<div id=\"attachment_25552\" style=\"width: 579px\" class=\"wp-caption aligncenter\"><img loading=\"lazy\" decoding=\"async\" aria-describedby=\"caption-attachment-25552\" class=\"wp-image-25552 size-full\" src=\"https:\/\/www.mosir-ketrzyn.pl\/wp-content\/uploads\/2020\/05\/1994.-Gazeta-Olsztynska-o-pilkarzach-Granicy-001.jpg\" alt=\"\" width=\"569\" height=\"1024\" srcset=\"https:\/\/www.mosir-ketrzyn.pl\/wp-content\/uploads\/2020\/05\/1994.-Gazeta-Olsztynska-o-pilkarzach-Granicy-001.jpg 569w, https:\/\/www.mosir-ketrzyn.pl\/wp-content\/uploads\/2020\/05\/1994.-Gazeta-Olsztynska-o-pilkarzach-Granicy-001-167x300.jpg 167w\" sizes=\"auto, (max-width: 569px) 100vw, 569px\" \/><p id=\"caption-attachment-25552\" class=\"wp-caption-text\">1994. Gazeta Olsztyn\u0301ska o pi\u0142karzach Granicy<\/p><\/div><br \/>\n<div id=\"attachment_25553\" style=\"width: 1034px\" class=\"wp-caption aligncenter\"><img loading=\"lazy\" decoding=\"async\" aria-describedby=\"caption-attachment-25553\" class=\"wp-image-25553 size-full\" src=\"https:\/\/www.mosir-ketrzyn.pl\/wp-content\/uploads\/2020\/05\/1993.-Gazeta-Olsztynska-o-Granicy-001.jpg\" alt=\"\" width=\"1024\" height=\"714\" srcset=\"https:\/\/www.mosir-ketrzyn.pl\/wp-content\/uploads\/2020\/05\/1993.-Gazeta-Olsztynska-o-Granicy-001.jpg 1024w, https:\/\/www.mosir-ketrzyn.pl\/wp-content\/uploads\/2020\/05\/1993.-Gazeta-Olsztynska-o-Granicy-001-300x209.jpg 300w, https:\/\/www.mosir-ketrzyn.pl\/wp-content\/uploads\/2020\/05\/1993.-Gazeta-Olsztynska-o-Granicy-001-768x536.jpg 768w\" sizes=\"auto, (max-width: 1024px) 100vw, 1024px\" \/><p id=\"caption-attachment-25553\" class=\"wp-caption-text\">1993. Gazeta Olsztyn\u0301ska o Granicy<\/p><\/div><br \/>\n<div id=\"attachment_25554\" style=\"width: 1034px\" class=\"wp-caption aligncenter\"><img loading=\"lazy\" decoding=\"async\" aria-describedby=\"caption-attachment-25554\" class=\"wp-image-25554 size-full\" src=\"https:\/\/www.mosir-ketrzyn.pl\/wp-content\/uploads\/2020\/05\/Piotr-Lech-na-ketrzynskim-stadionie.-001.jpg\" alt=\"\" width=\"1024\" height=\"681\" srcset=\"https:\/\/www.mosir-ketrzyn.pl\/wp-content\/uploads\/2020\/05\/Piotr-Lech-na-ketrzynskim-stadionie.-001.jpg 1024w, https:\/\/www.mosir-ketrzyn.pl\/wp-content\/uploads\/2020\/05\/Piotr-Lech-na-ketrzynskim-stadionie.-001-300x200.jpg 300w, https:\/\/www.mosir-ketrzyn.pl\/wp-content\/uploads\/2020\/05\/Piotr-Lech-na-ketrzynskim-stadionie.-001-768x511.jpg 768w\" sizes=\"auto, (max-width: 1024px) 100vw, 1024px\" \/><p id=\"caption-attachment-25554\" class=\"wp-caption-text\">Piotr Lech na ke\u0328trzyn\u0301skim stadionie.<\/p><\/div><br \/>\n<div id=\"attachment_25555\" style=\"width: 1034px\" class=\"wp-caption aligncenter\"><img loading=\"lazy\" decoding=\"async\" aria-describedby=\"caption-attachment-25555\" class=\"wp-image-25555 size-full\" src=\"https:\/\/www.mosir-ketrzyn.pl\/wp-content\/uploads\/2020\/05\/1997.-Zespol-Gwiazd-brakuje-Lecha-i-PruchenskiegoFot.-B.-Gozdziewski-001.jpg\" alt=\"\" width=\"1024\" height=\"598\" srcset=\"https:\/\/www.mosir-ketrzyn.pl\/wp-content\/uploads\/2020\/05\/1997.-Zespol-Gwiazd-brakuje-Lecha-i-PruchenskiegoFot.-B.-Gozdziewski-001.jpg 1024w, https:\/\/www.mosir-ketrzyn.pl\/wp-content\/uploads\/2020\/05\/1997.-Zespol-Gwiazd-brakuje-Lecha-i-PruchenskiegoFot.-B.-Gozdziewski-001-300x175.jpg 300w, https:\/\/www.mosir-ketrzyn.pl\/wp-content\/uploads\/2020\/05\/1997.-Zespol-Gwiazd-brakuje-Lecha-i-PruchenskiegoFot.-B.-Gozdziewski-001-768x449.jpg 768w\" sizes=\"auto, (max-width: 1024px) 100vw, 1024px\" \/><p id=\"caption-attachment-25555\" class=\"wp-caption-text\">1997. Zespo\u0301\u0142 Gwiazd ( brakuje Lecha i Pruchen\u0301skiego) Fot. B. Goz\u0301dziewski<\/p><\/div><br \/>\n<div id=\"attachment_25556\" style=\"width: 1034px\" class=\"wp-caption aligncenter\"><img loading=\"lazy\" decoding=\"async\" aria-describedby=\"caption-attachment-25556\" class=\"wp-image-25556 size-full\" src=\"https:\/\/www.mosir-ketrzyn.pl\/wp-content\/uploads\/2020\/05\/1997.-Zespol-Granicy-przed-runda-wiosenna.-001.jpg\" alt=\"\" width=\"1024\" height=\"713\" srcset=\"https:\/\/www.mosir-ketrzyn.pl\/wp-content\/uploads\/2020\/05\/1997.-Zespol-Granicy-przed-runda-wiosenna.-001.jpg 1024w, https:\/\/www.mosir-ketrzyn.pl\/wp-content\/uploads\/2020\/05\/1997.-Zespol-Granicy-przed-runda-wiosenna.-001-300x209.jpg 300w, https:\/\/www.mosir-ketrzyn.pl\/wp-content\/uploads\/2020\/05\/1997.-Zespol-Granicy-przed-runda-wiosenna.-001-768x535.jpg 768w\" sizes=\"auto, (max-width: 1024px) 100vw, 1024px\" \/><p id=\"caption-attachment-25556\" class=\"wp-caption-text\">1997. Zespo\u0301\u0142 Granicy przed runda wiosenna\u0328.<\/p><\/div><br \/>\n<div id=\"attachment_25557\" style=\"width: 851px\" class=\"wp-caption aligncenter\"><img loading=\"lazy\" decoding=\"async\" aria-describedby=\"caption-attachment-25557\" class=\"size-full wp-image-25557\" src=\"http:\/\/mosir-ketrzyn.pl\/wp-content\/uploads\/2020\/05\/1997.-Prasa-o-meczu-Granica-Olimpia.-001.jpg\" alt=\"\" width=\"841\" height=\"1024\" srcset=\"https:\/\/www.mosir-ketrzyn.pl\/wp-content\/uploads\/2020\/05\/1997.-Prasa-o-meczu-Granica-Olimpia.-001.jpg 841w, https:\/\/www.mosir-ketrzyn.pl\/wp-content\/uploads\/2020\/05\/1997.-Prasa-o-meczu-Granica-Olimpia.-001-246x300.jpg 246w, https:\/\/www.mosir-ketrzyn.pl\/wp-content\/uploads\/2020\/05\/1997.-Prasa-o-meczu-Granica-Olimpia.-001-768x935.jpg 768w\" sizes=\"auto, (max-width: 841px) 100vw, 841px\" \/><p id=\"caption-attachment-25557\" class=\"wp-caption-text\">1997. Prasa o meczu Granica &#8211; Olimpia.<\/p><\/div>\n<p class=\"p1\"><span class=\"Apple-converted-space\">&nbsp; &nbsp;<\/span><\/p>\n<p>[\/vc_column_text][\/vc_column][\/vc_row]<\/p>\n<\/div>","protected":false},"excerpt":{"rendered":"<p>[vc_row][vc_column][vc_column_text css=&#8221;&#8221;] Sekcje sportowe klubu \u2013 pi\u0142ka no\u017cna ( lata 1993 &#8211; 1998) Do sezonu 1993\/1994 zawodnicy przygotowywali si\u0119 na obozie w Kownie (Litwa) rozgrywaj\u0105c tam kilka warto\u015bciowych sparing\u00f3w, w tym z pierwszoligow\u0105 Bang\u0105 Kowno.&nbsp; Solidnie przepracowany okres przygotowawczy oraz spory potencja\u0142 drzemi\u0105cy w zawodnikach Granicy da\u0142 im pierwsze miejsce w rozgrywkach klasy okr\u0119gowej po&hellip;<\/p>\n","protected":false},"author":2,"featured_media":25542,"comment_status":"closed","ping_status":"closed","sticky":false,"template":"","format":"standard","meta":{"inline_featured_image":false,"ngg_post_thumbnail":0,"footnotes":""},"categories":[46],"tags":[],"class_list":["post-25533","post","type-post","status-publish","format-standard","has-post-thumbnail","hentry","category-historia-ketrzynskiego-sportu","category-46","description-off"],"jetpack_featured_media_url":"https:\/\/www.mosir-ketrzyn.pl\/wp-content\/uploads\/2020\/05\/1993.-Mistrzowie-.jesieni.-001.jpg","_links":{"self":[{"href":"https:\/\/www.mosir-ketrzyn.pl\/index.php\/wp-json\/wp\/v2\/posts\/25533","targetHints":{"allow":["GET"]}}],"collection":[{"href":"https:\/\/www.mosir-ketrzyn.pl\/index.php\/wp-json\/wp\/v2\/posts"}],"about":[{"href":"https:\/\/www.mosir-ketrzyn.pl\/index.php\/wp-json\/wp\/v2\/types\/post"}],"author":[{"embeddable":true,"href":"https:\/\/www.mosir-ketrzyn.pl\/index.php\/wp-json\/wp\/v2\/users\/2"}],"replies":[{"embeddable":true,"href":"https:\/\/www.mosir-ketrzyn.pl\/index.php\/wp-json\/wp\/v2\/comments?post=25533"}],"version-history":[{"count":3,"href":"https:\/\/www.mosir-ketrzyn.pl\/index.php\/wp-json\/wp\/v2\/posts\/25533\/revisions"}],"predecessor-version":[{"id":36836,"href":"https:\/\/www.mosir-ketrzyn.pl\/index.php\/wp-json\/wp\/v2\/posts\/25533\/revisions\/36836"}],"wp:featuredmedia":[{"embeddable":true,"href":"https:\/\/www.mosir-ketrzyn.pl\/index.php\/wp-json\/wp\/v2\/media\/25542"}],"wp:attachment":[{"href":"https:\/\/www.mosir-ketrzyn.pl\/index.php\/wp-json\/wp\/v2\/media?parent=25533"}],"wp:term":[{"taxonomy":"category","embeddable":true,"href":"https:\/\/www.mosir-ketrzyn.pl\/index.php\/wp-json\/wp\/v2\/categories?post=25533"},{"taxonomy":"post_tag","embeddable":true,"href":"https:\/\/www.mosir-ketrzyn.pl\/index.php\/wp-json\/wp\/v2\/tags?post=25533"}],"curies":[{"name":"wp","href":"https:\/\/api.w.org\/{rel}","templated":true}]}}