{"id":25723,"date":"2020-06-24T21:37:33","date_gmt":"2020-06-24T19:37:33","guid":{"rendered":"http:\/\/mosir-ketrzyn.pl\/?p=25723"},"modified":"2023-08-24T07:39:54","modified_gmt":"2023-08-24T05:39:54","slug":"historia-ketrzynskiego-klubu-sportowego-granica-w-ketrzynie-czesc-ix","status":"publish","type":"post","link":"https:\/\/www.mosir-ketrzyn.pl\/index.php\/2020\/06\/24\/historia-ketrzynskiego-klubu-sportowego-granica-w-ketrzynie-czesc-ix\/","title":{"rendered":"Historia k\u0119trzy\u0144skiego sportu. K\u0119trzy\u0144ski Klub Sportowy Granica \u2013 cz.IX"},"content":{"rendered":"<h4 align=\"CENTER\"><strong><span style=\"font-family: Arial, sans-serif;\">Sekcje sportowe klubu \u2013 pi\u0142ka no\u017cna (rozgrywki dzieci\u0119ce i m\u0142odzie\u017cowe) <\/span><\/strong><\/h4>\n<p><span style=\"font-family: Arial, sans-serif;\">Ze szczytu pi\u0142karskiej piramidy, jakim s\u0105 zespo\u0142y seniorskie, czas przej\u015b\u0107 do jej podstaw, czyli dzieci i m\u0142odzie\u017cy. Tak naprawd\u0119, to one stanowi\u0105 podstaw\u0119 funkcjonowania klubu, a wieloletni cykl szkolenia ma w efekcie \u201edostarczy\u0107\u201d zawodnika do dru\u017cyny senior\u00f3w. <\/span><\/p>\n<p><span style=\"font-family: Arial, sans-serif;\">Tak naprawd\u0119 trudno jest jednoznacznie stwierdzi\u0107, kiedy i w jaki spos\u00f3b rozpocz\u0119to i jak prowadzono w klubie szkolenie dzieci i m\u0142odzie\u017cy. Z b\u0119d\u0105cych w mojej dyspozycji materia\u0142\u00f3w wynika, \u017ce w latach 1956-1957 istnia\u0142a w klubie dru\u017cyna trampkarzy, kt\u00f3r\u0105 trenowa\u0142 w\u00f3wczas <i><b>Teofil Musielak<\/b><\/i>, a w jej sk\u0142adzie trenowali w\u00f3wczas mi\u0119dzy innymi <i><b>Jerzy Korenik<\/b><\/i> i <i><b>Franciszek Rypina<\/b><\/i>. W roku 1958 dru\u017cyna junior\u00f3w Granicy uczestniczy\u0142a w rozgrywkach grupy 1 klasy okr\u0119gowej, rywalizuj\u0105c w\u00f3wczas z dru\u017cynami: Warmii, OKS-u i Gwardii Olsztyn, Soko\u0142a i Grunwaldu Ostr\u00f3da, Jezioraka I\u0142awa, Zatoki Braniewo, Olimpii Olsztynek i Or\u0142a K\u0119trzyn. Z dru\u017cyny tej do kadry wojew\u00f3dzkiej junior\u00f3w powo\u0142ywany by\u0142 <i><b>Franciszek Rypina<\/b><\/i>, kt\u00f3ry w roku 1958 uczestniczy\u0142 w obozie przygotowawczym we Wroc\u0142awiu. W latach tych mecze junior\u00f3w rozgrywane by\u0142y przed meczami zespo\u0142u seniorskiego, co dawa\u0142o m\u0142odym zawodnikom dodatkowej motywacji do uprawiania pi\u0142ki no\u017cnej. W sezonie 1963\/1964 m\u0142odzi pi\u0142karze Granicy byli do\u015b\u0107 cz\u0119sto powo\u0142ywani do kadr wojew\u00f3dzkich. Do m\u0142odzie\u017cowej reprezentacji na mecze o Puchar Tysi\u0105clecia dwukrotne powo\u0142anie otrzyma\u0142 <i><b>Jerzy Stachowiak<\/b><\/i>, natomiast do kadry junior\u00f3w: <i><b>Czarnecki,<\/b><\/i> <i><b>Krumin, Kozak, Korzeniowski, Piwowarek <\/b><\/i><i>i<\/i><i><b> Rejchel. <\/b><\/i>By\u0142 to efekt dobrej postawy k\u0119trzynian w rozgrywkach Wojew\u00f3dzkiej Ligi Junior\u00f3w, w kt\u00f3rych zaj\u0119li drugie miejsce za olszty\u0144sk\u0105 Warmi\u0105. W sezonie 1965\/1966 w\u015br\u00f3d powo\u0142ywanych do kadry wojew\u00f3dztwa junior\u00f3w byli ponadto: <i><b>Jurewicz, Kleba , Polit, Popowski i Wysokowicz. <\/b><\/i>W sezonie 1972\/1973 dru\u017cyna junior\u00f3w, kt\u00f3r\u0105 trenowa\u0142 <i><b>Franciszek Rypina<\/b><\/i>, zalicza\u0142a si\u0119 do czo\u0142\u00f3wki wojew\u00f3dzkiej, z nast\u0119puj\u0105cymi pi\u0142karzami w sk\u0142adzie<i><b>: Burkacki Jerzy, Furlepa Jan, Kozakiewicz Jan, Krawczyk<\/b><\/i> <i><b>Andrzej, Kupiec Henryk, Liszewski Stefan, Mo\u017cejko Janusz, Pyszniak Zbigniew. <\/b><\/i>W kolejnym sezonie opr\u00f3cz wymienionych figuruj\u0105 r\u00f3wnie\u017c nazwiska: <i><b>Czerniawski, Dudzik, Jeromiej, Kostecki, Krumin, Paw\u0142owski Kazimierz, Rogowski, Strumi\u0142owski , Tarasewicz i <\/b><\/i> <i><b>Mo\u017cejko Janusz, <\/b><\/i>kt\u00f3ry reprezentowa\u0142 wojew\u00f3dztwo w rozgrywkach o Puchar dr. Micha\u0142owicza. Podobnie zreszt\u0105 jak w sezonie 1974\/1975, lecz w\u00f3wczas wraz z <i><b>Jerzym Burkackim<\/b><\/i>. <\/span><\/p>\n<p><span style=\"font-family: Arial, sans-serif;\">W sezonie 1975\/76, zajmuj\u0105c drugie miejsce w swojej grupie i po zwyci\u0119skim bara\u017cu z Mazurem Pisz (2:1) rozegranym 5 maja 1976 roku w Gi\u017cycku, juniorzy Granicy awansowali obok Stomilu, Startu Nidzica i Jezioraka do fazy fina\u0142owej rozgrywek. Niestety, na t\u0105 chwil\u0119 nie uda\u0142o mi si\u0119 ustali\u0107 ostatecznej lokaty k\u0119trzynian. Trenerem zespo\u0142u by\u0142 w\u00f3wczas <i><b>Janusz Ko\u0142yszko<\/b><\/i>. W sezonie 1977\/78 do kadry wojew\u00f3dztwa junior\u00f3w powo\u0142ywany by\u0142 <i><b>Miros\u0142aw Romanowski<\/b><\/i>. W\u00f3wczas to spo\u015br\u00f3d dru\u017cyn m\u0142odzie\u017cowych reprezentuj\u0105cych Granic\u0119 najwy\u017cej sklasyfikowani zostali trampkarze zajmuj\u0105c 3 miejsce w wojew\u00f3dzkiej klasie A. Kolejnymi, dostrze\u017conymi przez szkoleniowc\u00f3w kadry wojew\u00f3dztwa zawodnikami klubu byli: <i><b>Miros\u0142aw Miller<\/b><\/i>, kt\u00f3ry znalaz\u0142 si\u0119 w kadrze na mecze fina\u0142owe Pucharu dr. Micha\u0142owicza rozgrywane w sierpniu 1980 roku w Szczecinie, a w kolejnym sezonie <i><b>Klimko Zbigniew<\/b><\/i>. Sezon 1983\/1984 to grupowy triumf junior\u00f3w i awans do klasy okr\u0119gowej junior\u00f3w po meczach bara\u017cowych z Victori\u0105 Bartoszyce i Motorem Lubawa. <\/span><\/p>\n<p><span style=\"font-family: Arial, sans-serif;\">W latach siedemdziesi\u0105tych i osiemdziesi\u0105tych XX wieku juniorzy Granicy opr\u00f3cz rozgrywek ligowych uczestniczyli r\u00f3wnie\u017c w rozgrywkach tzw. \u201epionu gwardyjskiego\u201d rywalizuj\u0105c w nich mi\u0119dzy innymi z Gryfem S\u0142upsk, Poloni\u0105 Bydgoszcz i Gwardi\u0105 Szczytno W sezonie 1975\/1976 do reprezentacji Gwardyjskiego Pionu Sportowego MSW sk\u0142adaj\u0105cej si\u0119 z zawodnik\u00f3w wyst\u0119puj\u0105cych w tych rozgrywkach na obszarze ca\u0142ego kraju powo\u0142ani zostali r\u00f3wnie\u017c zawodnicy Granicy: <i><b>Burkacki Jerzy, J\u00f3wka Zbigniew i Polit J\u00f3zef. <\/b><\/i><\/span><\/p>\n<p><span style=\"font-family: Arial, sans-serif;\">Zaznaczy\u0107 warto, \u017ce warunki treningowe m\u0142odych zawodnik\u00f3w w tamtych latach, delikatnie rzecz ujmuj\u0105c, nie by\u0142y komfortowe. Przez d\u0142ugi czas korzystano z boiska Specjalnego O\u015brodka Szkolno \u2013 Wychowawczego przy ulicy gen. W\u0142. Sikorskiego, przy kt\u00f3rym nie tylko nie by\u0142o bie\u017c\u0105cej wody ale, przede wszystkim szatni. Dopiero nieco p\u00f3\u017aniej postawiono tam blaszany barak, kt\u00f3ry w szybkim czasie zosta\u0142 zdewastowany i zdemontowany. Niedogodno\u015bci te starano si\u0119 m\u0142odym zawodnikom jednak jako\u015b zrekompensowa\u0107 i dlatego w okresie wakacji organizowano dla nich obozy sportowe. Mi\u0119dzy innym, na prze\u0142omie lipca i sierpnia 1988 na takim obozie w Wie\u017cycy przebywa\u0142a dru\u017cyna junior\u00f3w trenera <i><b>Mieczys\u0142awa Wasilewskiego<\/b><\/i>. W sezonie 1990\/91 do kadry wojew\u00f3dzkiej junior\u00f3w, kt\u00f3r\u0105 w\u00f3wczas prowadzi\u0142 <i><b>J\u00f3zef \u0141obocki<\/b><\/i> powo\u0142ywani byli <i><b>Robert Lech i Daniel Lubieniecki. <\/b><\/i><\/span><\/p>\n<p><span style=\"font-family: Arial, sans-serif;\">Pierwszym, dobrze udokumentowanym sukcesem pi\u0142karskiej m\u0142odzie\u017cy k\u0119trzy\u0144skiego klubu by\u0142 tytu\u0142 mistrz\u00f3w okr\u0119gu junior\u00f3w (<i>1973 i m\u0142odsi<\/i>) w sezonie 1991\/1992. Po bezdyskusyjnym wygraniu swojej grupy, pi\u0142karze Granicy byli r\u00f3wnie skuteczni w rozgrywkach fina\u0142owych, gdzie w pokonanym polu pozostawili silne w\u00f3wczas zespo\u0142y Warmii Olszty, Soko\u0142a Ostr\u00f3da i Gwardii Szczytno. W szerokiej kadrze dru\u017cyny znajdowali si\u0119 nast\u0119puj\u0105cy zawodnicy: <i><b>Antosz Jacek, Bu\u0107ko S\u0142awomir, Babi\u0144ski Jacek, Bronowicki Ro\u015bcis\u0142aw, Ciesielski Marek, Chajewski Remigiusz Fara\u0144czuk Artur,Janulewicz Marek, Janczewski Tomasz, Kaliszewski Artur, Kromplewski Krzysztof, Koco\u0142 Robert, Krysiak Jacek, Na\u0142ysnyk Maciej, O\u017cga Marek, Plecho\u0107 Przemys\u0142aw, Pietrin Jaros\u0142aw, Poca\u0142ujko S\u0142awomir, Purzycki Mariusz, Rachubka Tomasz, Romanowski Rafa\u0142, Rusiecki Jaros\u0142aw, Sucharzewski Pawe\u0142, Szorc Dariusz Szyma\u0144ski Robert, Taraszkiewicz Artur, W\u0105do\u0142owski Robert, Wi\u015bniewski Jacek, Wi\u015bniewski S\u0142awomir, Wojda Mariusz, Wtulich Mariusz, Zapolski Artur, Zapolski Tomasz. <\/b><\/i>Trenerem zespo\u0142u by\u0142<i><b> Bogumi\u0142 Dolewski, <\/b><\/i>a kierownikiem<i><b> Mieczys\u0142aw Platz.<\/b><\/i><\/span><\/p>\n<p><span style=\"font-family: Arial, sans-serif;\">\u015aladem starszych koleg\u00f3w posz\u0142a r\u00f3wnie\u017c w\u00f3wczas dru\u017cyna \u017cak\u00f3w (<i>1979 i m\u0142odsi<\/i>) prowadzona przez <i><b>Eugeniusza Michaluka<\/b><\/i> i <i><b>Andrzeja Klimowicza.<\/b><\/i> Te\u017c zdoby\u0142a tytu\u0142 mistrzowski w swojej kategorii wiekowej, pokonuj\u0105c w fina\u0142ach zespo\u0142y Gwardii Szczytno, Mr\u0105gowii Mr\u0105gowo i Kormorana Ostr\u00f3da. Kadr\u0119 tego zespo\u0142u stanowili<i><b>: Butaj\u0142o Marcin, \u0106wikli\u0144ski Krzysztof, Dragun Marcin, Dragun Rafa\u0142, Iwaniuk Pawe\u0142, Jab\u0142o\u0144ski Arkadiusz, Ko\u0142akowski Sebastian, Kondej Piotr, \u0141ast\u00f3wka Krzysztof, Miechowicz Krystian, Muczajko Dawid, Majewski Tomasz, Narwojsz Andrzej, Ogrodowczyk Miros\u0142aw, Olszewski Robert, Pejski Tomasz, Pi\u0105tek Rafa\u0142, Rudzki Micha\u0142, Starzy\u0144ski Piotr, Stecki Sylwester, Sza\u0142apaj Artur, Witkowski Piotr, Wojnicki Szymon, Wr\u00f3bel Daniel, Zakrzewski Pawe\u0142, Zi\u00f3\u0142kowski Robert, <\/b><\/i><\/span><\/p>\n<p><span style=\"font-family: Arial, sans-serif;\">Kolejny sezon (19 92\/ 1993) to nieudana pr\u00f3ba rywalizacji w Makroregionalnej Lidze Junior\u00f3w. W rywalizacji z zespo\u0142ami z Warszawy, Bia\u0142egostoku, Olsztyna, M\u0142awy, Przasnysza, Ostro\u0142\u0119ki i I\u0142awy, po rundzie jesiennej dru\u017cyna uplasowa\u0142a si\u0119 na ostatnim miejscu w tabeli i w sytuacji narastaj\u0105cych problem\u00f3w finansowych klubu, w lutym 1993 zosta\u0142a wycofana z rozgrywek. Znakomit\u0105 pass\u0119 natomiast kontynuowali podopieczni <i><b>Eugeniusza Michaluka<\/b><\/i> i <i><b>Andrzeja Klimowicza<\/b><\/i> zdobywaj\u0105c tytu\u0142 mistrzowski w kategorii m\u0142odzik\u00f3w (<i>1978 i m\u0142odsi<\/i>). <\/span><\/p>\n<p align=\"CENTER\"><span style=\"font-family: Arial, sans-serif;\"><span style=\"font-size: xx-small;\"><u><b>Tabela ko\u0144cowa po grach fina\u0142owych<\/b><\/u><\/span><u><b>. <\/b><\/u><\/span><\/p>\n<table border=\"1\" width=\"270\" cellspacing=\"1\" cellpadding=\"2\">\n<colgroup>\n<col width=\"14\" \/>\n<col width=\"80\" \/>\n<col width=\"31\" \/>\n<col width=\"58\" \/>\n<col width=\"58\" \/> <\/colgroup>\n<thead>\n<tr>\n<td width=\"14\">\n<p align=\"CENTER\"><span style=\"font-family: Arial, sans-serif;\"><span style=\"font-size: xx-small;\">Lp.<\/span><\/span><\/p>\n<\/td>\n<td width=\"80\">\n<p align=\"CENTER\"><span style=\"font-family: Arial, sans-serif;\"><span style=\"font-size: xx-small;\">Nazwa Dru\u017cyny<\/span><\/span><\/p>\n<\/td>\n<td valign=\"TOP\" width=\"31\">\n<p align=\"CENTER\"><span style=\"font-family: Arial, sans-serif;\"><span style=\"font-size: xx-small;\">Punkty<\/span><\/span><\/p>\n<\/td>\n<td valign=\"TOP\" width=\"58\">\n<p align=\"CENTER\"><span style=\"font-family: Arial, sans-serif;\"><span style=\"font-size: xx-small;\">Gole zdobyte<\/span><\/span><\/p>\n<\/td>\n<td valign=\"TOP\" width=\"58\">\n<p align=\"CENTER\"><span style=\"font-family: Arial, sans-serif;\"><span style=\"font-size: xx-small;\">Gole stracone<\/span><\/span><\/p>\n<\/td>\n<\/tr>\n<\/thead>\n<tbody>\n<tr>\n<td bgcolor=\"#ffffff\" width=\"14\">\n<p align=\"CENTER\"><span style=\"font-family: Arial, sans-serif;\"><span style=\"font-size: xx-small;\"><b>1<\/b><\/span><\/span><\/p>\n<\/td>\n<td bgcolor=\"#ffffff\" width=\"80\"><span style=\"font-family: Arial, sans-serif;\"><span style=\"font-size: xx-small;\"><b>Granica K\u0119trzyn<\/b><\/span><\/span><\/td>\n<td valign=\"TOP\" bgcolor=\"#ffffff\" width=\"31\">\n<p align=\"CENTER\"><span style=\"font-family: Arial, sans-serif;\"><span style=\"font-size: xx-small;\"><b>7<\/b><\/span><\/span><\/p>\n<\/td>\n<td valign=\"TOP\" bgcolor=\"#ffffff\" width=\"58\">\n<p align=\"CENTER\"><span style=\"font-family: Arial, sans-serif;\"><span style=\"font-size: xx-small;\"><b>9<\/b><\/span><\/span><\/p>\n<\/td>\n<td valign=\"TOP\" bgcolor=\"#ffffff\" width=\"58\">\n<p align=\"CENTER\"><span style=\"font-family: Arial, sans-serif;\"><span style=\"font-size: xx-small;\"><b>5<\/b><\/span><\/span><\/p>\n<\/td>\n<\/tr>\n<tr>\n<td bgcolor=\"#ffffff\" width=\"14\">\n<p align=\"CENTER\"><span style=\"font-family: Arial, sans-serif;\"><span style=\"font-size: xx-small;\"><b>2<\/b><\/span><\/span><\/p>\n<\/td>\n<td bgcolor=\"#ffffff\" width=\"80\"><span style=\"font-family: Arial, sans-serif;\"><span style=\"font-size: xx-small;\">Stomil Olsztyn <\/span><\/span><\/td>\n<td valign=\"TOP\" bgcolor=\"#ffffff\" width=\"31\">\n<p align=\"CENTER\"><span style=\"font-family: Arial, sans-serif;\"><span style=\"font-size: xx-small;\">7<\/span><\/span><\/p>\n<\/td>\n<td valign=\"TOP\" bgcolor=\"#ffffff\" width=\"58\">\n<p align=\"CENTER\"><span style=\"font-family: Arial, sans-serif;\"><span style=\"font-size: xx-small;\">7<\/span><\/span><\/p>\n<\/td>\n<td valign=\"TOP\" bgcolor=\"#ffffff\" width=\"58\">\n<p align=\"CENTER\"><span style=\"font-family: Arial, sans-serif;\"><span style=\"font-size: xx-small;\">6<\/span><\/span><\/p>\n<\/td>\n<\/tr>\n<tr>\n<td bgcolor=\"#ffffff\" width=\"14\">\n<p align=\"CENTER\"><span style=\"font-family: Arial, sans-serif;\"><span style=\"font-size: xx-small;\">3<\/span><\/span><\/p>\n<\/td>\n<td bgcolor=\"#ffffff\" width=\"80\"><span style=\"font-family: Arial, sans-serif;\"><span style=\"font-size: xx-small;\">Sok\u00f3\u0142 Ostr\u00f3da <\/span><\/span><\/td>\n<td valign=\"TOP\" bgcolor=\"#ffffff\" width=\"31\">\n<p align=\"CENTER\"><span style=\"font-family: Arial, sans-serif;\"><span style=\"font-size: xx-small;\">5<\/span><\/span><\/p>\n<\/td>\n<td valign=\"TOP\" bgcolor=\"#ffffff\" width=\"58\">\n<p align=\"CENTER\"><span style=\"font-family: Arial, sans-serif;\"><span style=\"font-size: xx-small;\">5<\/span><\/span><\/p>\n<\/td>\n<td valign=\"TOP\" bgcolor=\"#ffffff\" width=\"58\">\n<p align=\"CENTER\"><span style=\"font-family: Arial, sans-serif;\"><span style=\"font-size: xx-small;\">6<\/span><\/span><\/p>\n<\/td>\n<\/tr>\n<tr>\n<td width=\"14\">\n<p align=\"CENTER\"><span style=\"font-family: Arial, sans-serif;\"><span style=\"font-size: xx-small;\">4<\/span><\/span><\/p>\n<\/td>\n<td width=\"80\"><span style=\"font-family: Arial, sans-serif;\"><span style=\"font-size: xx-small;\">Gwardia Szczytno <\/span><\/span><\/td>\n<td valign=\"TOP\" width=\"31\">\n<p align=\"CENTER\"><span style=\"font-family: Arial, sans-serif;\"><span style=\"font-size: xx-small;\">5<\/span><\/span><\/p>\n<\/td>\n<td valign=\"TOP\" width=\"58\">\n<p align=\"CENTER\"><span style=\"font-family: Arial, sans-serif;\"><span style=\"font-size: xx-small;\">6<\/span><\/span><\/p>\n<\/td>\n<td valign=\"TOP\" width=\"58\">\n<p align=\"CENTER\"><span style=\"font-family: Arial, sans-serif;\"><span style=\"font-size: xx-small;\">10<\/span><\/span><\/p>\n<\/td>\n<\/tr>\n<\/tbody>\n<\/table>\n<p><span style=\"font-family: Arial, sans-serif;\">W sk\u0142adzie zespo\u0142u znale\u017ali si\u0119<i><b>: Abram Mariusz, Celej Krystian, Dmytryszyn Jaros\u0142aw, Dragun Marcin, Dragun Rafa\u0142, Iwaniuk Pawe\u0142, Ko\u0142akowski Sebastian, Kondej Piotr, \u0141ast\u00f3wka Krzysztof, Miechowicz Krystian, Narwojsz Andrzej, Pejski Tomasz, Pi\u0105tek Rafa\u0142, Samul Marcin, Siwek Rados\u0142aw, Soko\u0142owski Piotr, Stecki Sylwester, Witkowski Piotr, Wr\u00f3bel Daniel, Zapa\u0142owski<\/b><\/i><b> <\/b><i><b>Pawe\u0142, Zi\u00f3\u0142kowski Robert.<\/b><\/i><i> <\/i><\/span><\/p>\n<p><span style=\"font-family: Arial, sans-serif;\">Passa podopiecznych trenera <i><b>Michaluka <\/b><\/i>trwa\u0142a. W sezonie 1993\/94 ju\u017c jako juniorzy m\u0142odsi (<i>1977 i m\u0142odsi<\/i>), ponownie zdobywaj\u0105 tytu\u0142 mistrzowski i prawo gry w bara\u017cach o Makroregionaln\u0105 Lig\u0119 Junior\u00f3w M\u0142odszych. <\/span><\/p>\n<p align=\"CENTER\"><span style=\"font-family: Arial, sans-serif;\"><span style=\"font-size: xx-small;\"><u><b>Klasyfikacja ko\u0144cowa rozgrywek po fazie fina\u0142owej. <\/b><\/u><\/span><\/span><\/p>\n<table border=\"1\" width=\"256\" cellspacing=\"1\" cellpadding=\"2\">\n<colgroup>\n<col width=\"25\" \/>\n<col width=\"102\" \/>\n<col width=\"31\" \/>\n<col width=\"35\" \/>\n<col width=\"35\" \/> <\/colgroup>\n<thead>\n<tr>\n<td bgcolor=\"#ffffff\" width=\"25\">\n<p align=\"CENTER\"><span style=\"font-family: Arial, sans-serif;\"><span style=\"font-size: xx-small;\">Lp.<\/span><\/span><\/p>\n<\/td>\n<td bgcolor=\"#ffffff\" width=\"102\">\n<p align=\"CENTER\"><span style=\"font-family: Arial, sans-serif;\"><span style=\"font-size: xx-small;\">Nazwa dru\u017cyny<\/span><\/span><\/p>\n<\/td>\n<td bgcolor=\"#ffffff\" width=\"31\">\n<p align=\"CENTER\"><span style=\"font-family: Arial, sans-serif;\"><span style=\"font-size: xx-small;\">Punkty<\/span><\/span><\/p>\n<\/td>\n<td bgcolor=\"#ffffff\" width=\"35\">\n<p align=\"CENTER\"><span style=\"font-family: Arial, sans-serif;\"><span style=\"font-size: xx-small;\">Gole<br \/>\nzdobyte<\/span><\/span><\/p>\n<\/td>\n<td bgcolor=\"#ffffff\" width=\"35\">\n<p align=\"CENTER\"><span style=\"font-family: Arial, sans-serif;\"><span style=\"font-size: xx-small;\">Gole<br \/>\nstracone<\/span><\/span><\/p>\n<\/td>\n<\/tr>\n<\/thead>\n<tbody>\n<tr>\n<td bgcolor=\"#92d050\" width=\"25\">\n<p align=\"CENTER\"><span style=\"font-family: Arial, sans-serif;\"><span style=\"font-size: xx-small;\"><b>1<\/b><\/span><\/span><\/p>\n<\/td>\n<td bgcolor=\"#92d050\" width=\"102\"><span style=\"font-family: Arial, sans-serif;\"><span style=\"font-size: xx-small;\"><b>Granica K\u0119trzyn<\/b><\/span><\/span><\/td>\n<td bgcolor=\"#92d050\" width=\"31\">\n<p align=\"CENTER\"><span style=\"font-family: Arial, sans-serif;\"><span style=\"font-size: xx-small;\"><b>14<\/b><\/span><\/span><\/p>\n<\/td>\n<td bgcolor=\"#92d050\" width=\"35\">\n<p align=\"CENTER\"><span style=\"font-family: Arial, sans-serif;\"><span style=\"font-size: xx-small;\"><b>24<\/b><\/span><\/span><\/p>\n<\/td>\n<td bgcolor=\"#92d050\" width=\"35\">\n<p align=\"CENTER\"><span style=\"font-family: Arial, sans-serif;\"><span style=\"font-size: xx-small;\"><b>9<\/b><\/span><\/span><\/p>\n<\/td>\n<\/tr>\n<tr>\n<td bgcolor=\"#ffffff\" width=\"25\">\n<p align=\"CENTER\"><span style=\"font-family: Arial, sans-serif;\"><span style=\"font-size: xx-small;\">2<\/span><\/span><\/p>\n<\/td>\n<td bgcolor=\"#ffffff\" width=\"102\"><span style=\"font-family: Arial, sans-serif;\"><span style=\"font-size: xx-small;\">Sok\u00f3\u0142 Ostr\u00f3da<\/span><\/span><\/td>\n<td bgcolor=\"#ffffff\" width=\"31\">\n<p align=\"CENTER\"><span style=\"font-family: Arial, sans-serif;\"><span style=\"font-size: xx-small;\">14<\/span><\/span><\/p>\n<\/td>\n<td bgcolor=\"#ffffff\" width=\"35\">\n<p align=\"CENTER\"><span style=\"font-family: Arial, sans-serif;\"><span style=\"font-size: xx-small;\">22<\/span><\/span><\/p>\n<\/td>\n<td bgcolor=\"#ffffff\" width=\"35\">\n<p align=\"CENTER\"><span style=\"font-family: Arial, sans-serif;\"><span style=\"font-size: xx-small;\">14<\/span><\/span><\/p>\n<\/td>\n<\/tr>\n<tr>\n<td bgcolor=\"#ffffff\" width=\"25\">\n<p align=\"CENTER\"><span style=\"font-family: Arial, sans-serif;\"><span style=\"font-size: xx-small;\">3<\/span><\/span><\/p>\n<\/td>\n<td bgcolor=\"#ffffff\" width=\"102\"><span style=\"font-family: Arial, sans-serif;\"><span style=\"font-size: xx-small;\">Jeziorak I\u0142awa<\/span><\/span><\/td>\n<td bgcolor=\"#ffffff\" width=\"31\">\n<p align=\"CENTER\"><span style=\"font-family: Arial, sans-serif;\"><span style=\"font-size: xx-small;\">13<\/span><\/span><\/p>\n<\/td>\n<td bgcolor=\"#ffffff\" width=\"35\">\n<p align=\"CENTER\"><span style=\"font-family: Arial, sans-serif;\"><span style=\"font-size: xx-small;\">28<\/span><\/span><\/p>\n<\/td>\n<td bgcolor=\"#ffffff\" width=\"35\">\n<p align=\"CENTER\"><span style=\"font-family: Arial, sans-serif;\"><span style=\"font-size: xx-small;\">10<\/span><\/span><\/p>\n<\/td>\n<\/tr>\n<tr>\n<td bgcolor=\"#ffffff\" width=\"25\">\n<p align=\"CENTER\"><span style=\"font-family: Arial, sans-serif;\"><span style=\"font-size: xx-small;\">4<\/span><\/span><\/p>\n<\/td>\n<td bgcolor=\"#ffffff\" width=\"102\"><span style=\"font-family: Arial, sans-serif;\"><span style=\"font-size: xx-small;\">Start Nidzica <\/span><\/span><\/td>\n<td bgcolor=\"#ffffff\" width=\"31\">\n<p align=\"CENTER\"><span style=\"font-family: Arial, sans-serif;\"><span style=\"font-size: xx-small;\">9<\/span><\/span><\/p>\n<\/td>\n<td bgcolor=\"#ffffff\" width=\"35\">\n<p align=\"CENTER\"><span style=\"font-family: Arial, sans-serif;\"><span style=\"font-size: xx-small;\">19<\/span><\/span><\/p>\n<\/td>\n<td bgcolor=\"#ffffff\" width=\"35\">\n<p align=\"CENTER\"><span style=\"font-family: Arial, sans-serif;\"><span style=\"font-size: xx-small;\">18<\/span><\/span><\/p>\n<\/td>\n<\/tr>\n<tr>\n<td bgcolor=\"#ffffff\" width=\"25\">\n<p align=\"CENTER\"><span style=\"font-family: Arial, sans-serif;\"><span style=\"font-size: xx-small;\">5<\/span><\/span><\/p>\n<\/td>\n<td bgcolor=\"#ffffff\" width=\"102\"><span style=\"font-family: Arial, sans-serif;\"><span style=\"font-size: xx-small;\">Orl\u0119ta Reszel<\/span><\/span><\/td>\n<td bgcolor=\"#ffffff\" width=\"31\">\n<p align=\"CENTER\"><span style=\"font-family: Arial, sans-serif;\"><span style=\"font-size: xx-small;\">5<\/span><\/span><\/p>\n<\/td>\n<td bgcolor=\"#ffffff\" width=\"35\">\n<p align=\"CENTER\"><span style=\"font-family: Arial, sans-serif;\"><span style=\"font-size: xx-small;\">15<\/span><\/span><\/p>\n<\/td>\n<td bgcolor=\"#ffffff\" width=\"35\">\n<p align=\"CENTER\"><span style=\"font-family: Arial, sans-serif;\"><span style=\"font-size: xx-small;\">30<\/span><\/span><\/p>\n<\/td>\n<\/tr>\n<tr>\n<td bgcolor=\"#ffffff\" width=\"25\">\n<p align=\"CENTER\"><span style=\"font-family: Arial, sans-serif;\"><span style=\"font-size: xx-small;\">6<\/span><\/span><\/p>\n<\/td>\n<td bgcolor=\"#ffffff\" width=\"102\"><span style=\"font-family: Arial, sans-serif;\"><span style=\"font-size: xx-small;\">T\u0119cza Biskupiec<\/span><\/span><\/td>\n<td bgcolor=\"#ffffff\" width=\"31\">\n<p align=\"CENTER\"><span style=\"font-family: Arial, sans-serif;\"><span style=\"font-size: xx-small;\">5<\/span><\/span><\/p>\n<\/td>\n<td bgcolor=\"#ffffff\" width=\"35\">\n<p align=\"CENTER\"><span style=\"font-family: Arial, sans-serif;\"><span style=\"font-size: xx-small;\">11<\/span><\/span><\/p>\n<\/td>\n<td bgcolor=\"#ffffff\" width=\"35\">\n<p align=\"CENTER\"><span style=\"font-family: Arial, sans-serif;\"><span style=\"font-size: xx-small;\">38<\/span><\/span><\/p>\n<\/td>\n<\/tr>\n<tr>\n<td bgcolor=\"#ffffff\" width=\"25\">\n<p align=\"CENTER\"><span style=\"font-family: Arial, sans-serif;\"><span style=\"font-size: xx-small;\">7-8<\/span><\/span><\/p>\n<\/td>\n<td bgcolor=\"#ffffff\" width=\"102\"><span style=\"font-family: Arial, sans-serif;\"><span style=\"font-size: xx-small;\">MKS Korsze<\/span><\/span><span style=\"font-family: Arial, sans-serif;\"><span style=\"font-size: xx-small;\">Gwardia Szczytno<\/span><\/span><\/td>\n<td bgcolor=\"#ffffff\" width=\"31\">\n<p align=\"CENTER\"><span style=\"font-family: Arial, sans-serif;\"><span style=\"font-size: xx-small;\">&#8211;<\/span><\/span><\/p>\n<\/td>\n<td bgcolor=\"#ffffff\" width=\"35\">\n<p align=\"CENTER\"><span style=\"font-family: Arial, sans-serif;\"><span style=\"font-size: xx-small;\">&#8211;<\/span><\/span><\/p>\n<\/td>\n<td bgcolor=\"#ffffff\" width=\"35\">\n<p align=\"CENTER\"><span style=\"font-family: Arial, sans-serif;\"><span style=\"font-size: xx-small;\">&#8211;<\/span><\/span><\/p>\n<\/td>\n<\/tr>\n<tr>\n<td bgcolor=\"#ffffff\" width=\"25\">\n<p align=\"CENTER\"><span style=\"font-family: Arial, sans-serif;\"><span style=\"font-size: xx-small;\">9-10<\/span><\/span><\/p>\n<\/td>\n<td bgcolor=\"#ffffff\" width=\"102\"><span style=\"font-family: Arial, sans-serif;\"><span style=\"font-size: xx-small;\">Warmia Olsztyn <\/span><\/span><span style=\"font-family: Arial, sans-serif;\"><span style=\"font-size: xx-small;\">Victoria Bartoszyce <\/span><\/span><\/td>\n<td bgcolor=\"#ffffff\" width=\"31\">\n<p align=\"CENTER\"><span style=\"font-family: Arial, sans-serif;\"><span style=\"font-size: xx-small;\">&#8211;<\/span><\/span><\/p>\n<\/td>\n<td bgcolor=\"#ffffff\" width=\"35\">\n<p align=\"CENTER\"><span style=\"font-family: Arial, sans-serif;\"><span style=\"font-size: xx-small;\">&#8211;<\/span><\/span><\/p>\n<\/td>\n<td bgcolor=\"#ffffff\" width=\"35\">\n<p align=\"CENTER\"><span style=\"font-family: Arial, sans-serif;\"><span style=\"font-size: xx-small;\">&#8211;<\/span><\/span><\/p>\n<\/td>\n<\/tr>\n<tr>\n<td bgcolor=\"#ffffff\" width=\"25\">\n<p align=\"CENTER\"><span style=\"font-family: Arial, sans-serif;\"><span style=\"font-size: xx-small;\">11-12<\/span><\/span><\/p>\n<\/td>\n<td bgcolor=\"#ffffff\" width=\"102\"><span style=\"font-family: Arial, sans-serif;\"><span style=\"font-size: xx-small;\">Warfama Dobre Miasto<\/span><\/span><span style=\"font-family: Arial, sans-serif;\"><span style=\"font-size: xx-small;\">Olimpia Olsztynek <\/span><\/span><\/td>\n<td bgcolor=\"#ffffff\" width=\"31\">\n<p align=\"CENTER\"><span style=\"font-family: Arial, sans-serif;\"><span style=\"font-size: xx-small;\">&#8211;<\/span><\/span><\/p>\n<\/td>\n<td bgcolor=\"#ffffff\" width=\"35\">\n<p align=\"CENTER\"><span style=\"font-family: Arial, sans-serif;\"><span style=\"font-size: xx-small;\">&#8211;<\/span><\/span><\/p>\n<\/td>\n<td bgcolor=\"#ffffff\" width=\"35\">\n<p align=\"CENTER\"><span style=\"font-family: Arial, sans-serif;\"><span style=\"font-size: xx-small;\">&#8211;<\/span><\/span><\/p>\n<\/td>\n<\/tr>\n<tr>\n<td bgcolor=\"#ffffff\" width=\"25\">\n<p align=\"CENTER\"><span style=\"font-family: Arial, sans-serif;\"><span style=\"font-size: xx-small;\">13-14<\/span><\/span><\/p>\n<\/td>\n<td bgcolor=\"#ffffff\" width=\"102\"><span style=\"font-family: Arial, sans-serif;\"><span style=\"font-size: xx-small;\">Motor Lubawa <\/span><\/span><span style=\"font-family: Arial, sans-serif;\"><span style=\"font-size: xx-small;\">Polonia Lidzbark W.<\/span><\/span><\/td>\n<td bgcolor=\"#ffffff\" width=\"31\">\n<p align=\"CENTER\"><span style=\"font-family: Arial, sans-serif;\"><span style=\"font-size: xx-small;\">&#8211;<\/span><\/span><\/p>\n<\/td>\n<td bgcolor=\"#ffffff\" width=\"35\">\n<p align=\"CENTER\"><span style=\"font-family: Arial, sans-serif;\"><span style=\"font-size: xx-small;\">&#8211;<\/span><\/span><\/p>\n<\/td>\n<td bgcolor=\"#ffffff\" width=\"35\">\n<p align=\"CENTER\"><span style=\"font-family: Arial, sans-serif;\"><span style=\"font-size: xx-small;\">&#8211;<\/span><\/span><\/p>\n<\/td>\n<\/tr>\n<tr>\n<td bgcolor=\"#ffffff\" width=\"25\">\n<p align=\"CENTER\"><span style=\"font-family: Arial, sans-serif;\"><span style=\"font-size: xx-small;\">15<\/span><\/span><\/p>\n<\/td>\n<td bgcolor=\"#ffffff\" width=\"102\"><span style=\"font-family: Arial, sans-serif;\"><span style=\"font-size: xx-small;\">Huragan Mor\u0105g <\/span><\/span><\/td>\n<td bgcolor=\"#ffffff\" width=\"31\">\n<p align=\"CENTER\"><span style=\"font-family: Arial, sans-serif;\"><span style=\"font-size: xx-small;\">&#8211;<\/span><\/span><\/p>\n<\/td>\n<td bgcolor=\"#ffffff\" width=\"35\">\n<p align=\"CENTER\"><span style=\"font-family: Arial, sans-serif;\"><span style=\"font-size: xx-small;\">&#8211;<\/span><\/span><\/p>\n<\/td>\n<td bgcolor=\"#ffffff\" width=\"35\">\n<p align=\"CENTER\"><span style=\"font-family: Arial, sans-serif;\"><span style=\"font-size: xx-small;\">&#8211;<\/span><\/span><\/p>\n<\/td>\n<\/tr>\n<\/tbody>\n<\/table>\n<p><span style=\"font-family: Arial, sans-serif;\">Dwukrotnie zwyci\u0119stwa nad Mazurem E\u0142k da\u0142o k\u0119trzynianom zas\u0142u\u017cony awans. <\/span><\/p>\n<p><span style=\"font-family: Arial, sans-serif;\">Kadr\u0119 zespo\u0142u tworzyli: <i><b>Abram Mariusz,Celej Krystian, Dragun Marcin, Dragun Rafa\u0142, Dmytryszyn Jaros\u0142aw, Iwaniuk Pawe\u0142, Jegor Jakub, Karpiuk Rafa\u0142, Ko\u0142akowski Sebastian, Kondej Piotr, Lech Robert, \u0141ast\u00f3wka Krzysztof, Narwojsz Andrzej, Onoszko Mariusz Pejski Tomasz, Pi\u0105tek Rafa\u0142, Siwek Rados\u0142aw, Stecki Sylwester, Soko\u0142owski Piotr, Samul Marcin, Sitnik Artur, Witkowski Piotr, Wr\u00f3bel Daniel, Zapa\u0142owski Pawe\u0142, Zapa\u0142owski Piotr, Zuber Artur). <\/b><\/i><i><b> <\/b><\/i>Kierownikiem dru\u017cyny by\u0142 <i><b>Klimowicz Andrzej. <\/b><\/i><\/span><\/p>\n<p><span style=\"font-family: Arial, sans-serif;\">Niestety, mimo ambitnej postawy zespo\u0142u przygoda z makroregionem trwa\u0142a tylko przez jeden sezon. <\/span><\/p>\n<p align=\"CENTER\"><span style=\"font-family: Arial, sans-serif;\"><span style=\"font-size: xx-small;\"><u><b>Makroregionalna Liga Junior\u00f3w M\u0142odszych (<\/b><\/u><\/span><span style=\"font-size: xx-small;\"><i><u>1978 i m\u0142odsi<\/u><\/i><\/span><span style=\"font-size: xx-small;\"><u><b>). <\/b><\/u><\/span><\/span><\/p>\n<p align=\"CENTER\"><span style=\"font-family: Arial, sans-serif;\"><span style=\"font-size: xx-small;\"><u>Sezon 1994\/1995<\/u><\/span><\/span><\/p>\n<table border=\"1\" width=\"281\" cellspacing=\"1\" cellpadding=\"2\">\n<colgroup>\n<col width=\"14\" \/>\n<col width=\"103\" \/>\n<col width=\"29\" \/>\n<col width=\"31\" \/>\n<col width=\"35\" \/>\n<col width=\"35\" \/> <\/colgroup>\n<thead>\n<tr>\n<td width=\"14\">\n<p align=\"CENTER\"><span style=\"font-family: Arial, sans-serif;\"><span style=\"font-size: xx-small;\">Lp.<\/span><\/span><\/p>\n<\/td>\n<td width=\"103\">\n<p align=\"CENTER\"><span style=\"font-family: Arial, sans-serif;\"><span style=\"font-size: xx-small;\">Nazwa dru\u017cyny<\/span><\/span><\/p>\n<\/td>\n<td width=\"29\">\n<p align=\"CENTER\"><span style=\"font-family: Arial, sans-serif;\"><span style=\"font-size: xx-small;\">Mecze<\/span><\/span><\/p>\n<\/td>\n<td width=\"31\">\n<p align=\"CENTER\"><span style=\"font-family: Arial, sans-serif;\"><span style=\"font-size: xx-small;\">Punkty<\/span><\/span><\/p>\n<\/td>\n<td width=\"35\">\n<p align=\"CENTER\"><span style=\"font-family: Arial, sans-serif;\"><span style=\"font-size: xx-small;\">Gole<br \/>\nzdobyte<\/span><\/span><\/p>\n<\/td>\n<td width=\"35\">\n<p align=\"CENTER\"><span style=\"font-family: Arial, sans-serif;\"><span style=\"font-size: xx-small;\">Gole<br \/>\nstracone<\/span><\/span><\/p>\n<\/td>\n<\/tr>\n<\/thead>\n<tbody>\n<tr>\n<td width=\"14\">\n<p align=\"CENTER\"><span style=\"font-family: Arial, sans-serif;\"><span style=\"font-size: xx-small;\">1<\/span><\/span><\/p>\n<\/td>\n<td width=\"103\"><span style=\"font-family: Arial, sans-serif;\"><span style=\"font-size: xx-small;\">\u017bera\u0144 \u2013Polfa Warszawa<\/span><\/span><\/td>\n<td width=\"29\">\n<p align=\"CENTER\"><span style=\"font-family: Arial, sans-serif;\"><span style=\"font-size: xx-small;\">26<\/span><\/span><\/p>\n<\/td>\n<td width=\"31\">\n<p align=\"CENTER\"><span style=\"font-family: Arial, sans-serif;\"><span style=\"font-size: xx-small;\">38<\/span><\/span><\/p>\n<\/td>\n<td width=\"35\">\n<p align=\"CENTER\"><span style=\"font-family: Arial, sans-serif;\"><span style=\"font-size: xx-small;\">51<\/span><\/span><\/p>\n<\/td>\n<td width=\"35\">\n<p align=\"CENTER\"><span style=\"font-family: Arial, sans-serif;\"><span style=\"font-size: xx-small;\">30<\/span><\/span><\/p>\n<\/td>\n<\/tr>\n<tr>\n<td width=\"14\">\n<p align=\"CENTER\"><span style=\"font-family: Arial, sans-serif;\"><span style=\"font-size: xx-small;\">2<\/span><\/span><\/p>\n<\/td>\n<td width=\"103\"><span style=\"font-family: Arial, sans-serif;\"><span style=\"font-size: xx-small;\">Agrykola Warszawa<\/span><\/span><\/td>\n<td width=\"29\">\n<p align=\"CENTER\"><span style=\"font-family: Arial, sans-serif;\"><span style=\"font-size: xx-small;\">26<\/span><\/span><\/p>\n<\/td>\n<td width=\"31\">\n<p align=\"CENTER\"><span style=\"font-family: Arial, sans-serif;\"><span style=\"font-size: xx-small;\">37<\/span><\/span><\/p>\n<\/td>\n<td width=\"35\">\n<p align=\"CENTER\"><span style=\"font-family: Arial, sans-serif;\"><span style=\"font-size: xx-small;\">64<\/span><\/span><\/p>\n<\/td>\n<td width=\"35\">\n<p align=\"CENTER\"><span style=\"font-family: Arial, sans-serif;\"><span style=\"font-size: xx-small;\">24<\/span><\/span><\/p>\n<\/td>\n<\/tr>\n<tr>\n<td width=\"14\">\n<p align=\"CENTER\"><span style=\"font-family: Arial, sans-serif;\"><span style=\"font-size: xx-small;\">3<\/span><\/span><\/p>\n<\/td>\n<td width=\"103\"><span style=\"font-family: Arial, sans-serif;\"><span style=\"font-size: xx-small;\">Polonia Warszawa<\/span><\/span><\/td>\n<td width=\"29\">\n<p align=\"CENTER\"><span style=\"font-family: Arial, sans-serif;\"><span style=\"font-size: xx-small;\">26<\/span><\/span><\/p>\n<\/td>\n<td width=\"31\">\n<p align=\"CENTER\"><span style=\"font-family: Arial, sans-serif;\"><span style=\"font-size: xx-small;\">31<\/span><\/span><\/p>\n<\/td>\n<td width=\"35\">\n<p align=\"CENTER\"><span style=\"font-family: Arial, sans-serif;\"><span style=\"font-size: xx-small;\">61<\/span><\/span><\/p>\n<\/td>\n<td width=\"35\">\n<p align=\"CENTER\"><span style=\"font-family: Arial, sans-serif;\"><span style=\"font-size: xx-small;\">29<\/span><\/span><\/p>\n<\/td>\n<\/tr>\n<tr>\n<td width=\"14\">\n<p align=\"CENTER\"><span style=\"font-family: Arial, sans-serif;\"><span style=\"font-size: xx-small;\">4<\/span><\/span><\/p>\n<\/td>\n<td width=\"103\"><span style=\"font-family: Arial, sans-serif;\"><span style=\"font-size: xx-small;\">Wigry Suwa\u0142ki <\/span><\/span><\/td>\n<td valign=\"TOP\" width=\"29\">\n<p align=\"CENTER\"><span style=\"font-family: Arial, sans-serif;\"><span style=\"font-size: xx-small;\">26<\/span><\/span><\/p>\n<\/td>\n<td width=\"31\">\n<p align=\"CENTER\"><span style=\"font-family: Arial, sans-serif;\"><span style=\"font-size: xx-small;\">29<\/span><\/span><\/p>\n<\/td>\n<td width=\"35\">\n<p align=\"CENTER\"><span style=\"font-family: Arial, sans-serif;\"><span style=\"font-size: xx-small;\">56<\/span><\/span><\/p>\n<\/td>\n<td width=\"35\">\n<p align=\"CENTER\"><span style=\"font-family: Arial, sans-serif;\"><span style=\"font-size: xx-small;\">38<\/span><\/span><\/p>\n<\/td>\n<\/tr>\n<tr>\n<td width=\"14\">\n<p align=\"CENTER\"><span style=\"font-family: Arial, sans-serif;\"><span style=\"font-size: xx-small;\">5<\/span><\/span><\/p>\n<\/td>\n<td width=\"103\"><span style=\"font-family: Arial, sans-serif;\"><span style=\"font-size: xx-small;\">MOP Warszawa<\/span><\/span><\/td>\n<td valign=\"TOP\" width=\"29\">\n<p align=\"CENTER\"><span style=\"font-family: Arial, sans-serif;\"><span style=\"font-size: xx-small;\">26<\/span><\/span><\/p>\n<\/td>\n<td width=\"31\">\n<p align=\"CENTER\"><span style=\"font-family: Arial, sans-serif;\"><span style=\"font-size: xx-small;\">29<\/span><\/span><\/p>\n<\/td>\n<td width=\"35\">\n<p align=\"CENTER\"><span style=\"font-family: Arial, sans-serif;\"><span style=\"font-size: xx-small;\">45<\/span><\/span><\/p>\n<\/td>\n<td width=\"35\">\n<p align=\"CENTER\"><span style=\"font-family: Arial, sans-serif;\"><span style=\"font-size: xx-small;\">32<\/span><\/span><\/p>\n<\/td>\n<\/tr>\n<tr>\n<td width=\"14\">\n<p align=\"CENTER\"><span style=\"font-family: Arial, sans-serif;\"><span style=\"font-size: xx-small;\">6<\/span><\/span><\/p>\n<\/td>\n<td width=\"103\"><span style=\"font-family: Arial, sans-serif;\"><span style=\"font-size: xx-small;\">Gwardia Warszawa<\/span><\/span><\/td>\n<td valign=\"TOP\" width=\"29\">\n<p align=\"CENTER\"><span style=\"font-family: Arial, sans-serif;\"><span style=\"font-size: xx-small;\">26<\/span><\/span><\/p>\n<\/td>\n<td width=\"31\">\n<p align=\"CENTER\"><span style=\"font-family: Arial, sans-serif;\"><span style=\"font-size: xx-small;\">29<\/span><\/span><\/p>\n<\/td>\n<td width=\"35\">\n<p align=\"CENTER\"><span style=\"font-family: Arial, sans-serif;\"><span style=\"font-size: xx-small;\">41<\/span><\/span><\/p>\n<\/td>\n<td width=\"35\">\n<p align=\"CENTER\"><span style=\"font-family: Arial, sans-serif;\"><span style=\"font-size: xx-small;\">40<\/span><\/span><\/p>\n<\/td>\n<\/tr>\n<tr>\n<td width=\"14\">\n<p align=\"CENTER\"><span style=\"font-family: Arial, sans-serif;\"><span style=\"font-size: xx-small;\">7<\/span><\/span><\/p>\n<\/td>\n<td width=\"103\"><span style=\"font-family: Arial, sans-serif;\"><span style=\"font-size: xx-small;\">Mazovia Ciechan\u00f3w<\/span><\/span><\/td>\n<td valign=\"TOP\" width=\"29\">\n<p align=\"CENTER\"><span style=\"font-family: Arial, sans-serif;\"><span style=\"font-size: xx-small;\">26<\/span><\/span><\/p>\n<\/td>\n<td width=\"31\">\n<p align=\"CENTER\"><span style=\"font-family: Arial, sans-serif;\"><span style=\"font-size: xx-small;\">28<\/span><\/span><\/p>\n<\/td>\n<td width=\"35\">\n<p align=\"CENTER\"><span style=\"font-family: Arial, sans-serif;\"><span style=\"font-size: xx-small;\">55<\/span><\/span><\/p>\n<\/td>\n<td width=\"35\">\n<p align=\"CENTER\"><span style=\"font-family: Arial, sans-serif;\"><span style=\"font-size: xx-small;\">52<\/span><\/span><\/p>\n<\/td>\n<\/tr>\n<tr>\n<td width=\"14\">\n<p align=\"CENTER\"><span style=\"font-family: Arial, sans-serif;\"><span style=\"font-size: xx-small;\">8<\/span><\/span><\/p>\n<\/td>\n<td width=\"103\"><span style=\"font-family: Arial, sans-serif;\"><span style=\"font-size: xx-small;\">M\u0142awianka M\u0142awa<\/span><\/span><\/td>\n<td valign=\"TOP\" width=\"29\">\n<p align=\"CENTER\"><span style=\"font-family: Arial, sans-serif;\"><span style=\"font-size: xx-small;\">26<\/span><\/span><\/p>\n<\/td>\n<td width=\"31\">\n<p align=\"CENTER\"><span style=\"font-family: Arial, sans-serif;\"><span style=\"font-size: xx-small;\">28<\/span><\/span><\/p>\n<\/td>\n<td width=\"35\">\n<p align=\"CENTER\"><span style=\"font-family: Arial, sans-serif;\"><span style=\"font-size: xx-small;\">57<\/span><\/span><\/p>\n<\/td>\n<td width=\"35\">\n<p align=\"CENTER\"><span style=\"font-family: Arial, sans-serif;\"><span style=\"font-size: xx-small;\">56<\/span><\/span><\/p>\n<\/td>\n<\/tr>\n<tr>\n<td width=\"14\">\n<p align=\"CENTER\"><span style=\"font-family: Arial, sans-serif;\"><span style=\"font-size: xx-small;\">9<\/span><\/span><\/p>\n<\/td>\n<td width=\"103\"><span style=\"font-family: Arial, sans-serif;\"><span style=\"font-size: xx-small;\">Stomil Olsztyn<\/span><\/span><\/td>\n<td valign=\"TOP\" width=\"29\">\n<p align=\"CENTER\"><span style=\"font-family: Arial, sans-serif;\"><span style=\"font-size: xx-small;\">26<\/span><\/span><\/p>\n<\/td>\n<td width=\"31\">\n<p align=\"CENTER\"><span style=\"font-family: Arial, sans-serif;\"><span style=\"font-size: xx-small;\">26<\/span><\/span><\/p>\n<\/td>\n<td width=\"35\">\n<p align=\"CENTER\"><span style=\"font-family: Arial, sans-serif;\"><span style=\"font-size: xx-small;\">43<\/span><\/span><\/p>\n<\/td>\n<td width=\"35\">\n<p align=\"CENTER\"><span style=\"font-family: Arial, sans-serif;\"><span style=\"font-size: xx-small;\">51<\/span><\/span><\/p>\n<\/td>\n<\/tr>\n<tr>\n<td width=\"14\">\n<p align=\"CENTER\"><span style=\"font-family: Arial, sans-serif;\"><span style=\"font-size: xx-small;\">10<\/span><\/span><\/p>\n<\/td>\n<td width=\"103\"><span style=\"font-family: Arial, sans-serif;\"><span style=\"font-size: xx-small;\">Jagiellonia Bia\u0142ystok<\/span><\/span><\/td>\n<td valign=\"TOP\" width=\"29\">\n<p align=\"CENTER\"><span style=\"font-family: Arial, sans-serif;\"><span style=\"font-size: xx-small;\">26<\/span><\/span><\/p>\n<\/td>\n<td width=\"31\">\n<p align=\"CENTER\"><span style=\"font-family: Arial, sans-serif;\"><span style=\"font-size: xx-small;\">25<\/span><\/span><\/p>\n<\/td>\n<td width=\"35\">\n<p align=\"CENTER\"><span style=\"font-family: Arial, sans-serif;\"><span style=\"font-size: xx-small;\">29<\/span><\/span><\/p>\n<\/td>\n<td width=\"35\">\n<p align=\"CENTER\"><span style=\"font-family: Arial, sans-serif;\"><span style=\"font-size: xx-small;\">26<\/span><\/span><\/p>\n<\/td>\n<\/tr>\n<tr>\n<td bgcolor=\"#ff0000\" width=\"14\">\n<p align=\"CENTER\"><span style=\"font-family: Arial, sans-serif;\"><span style=\"font-size: xx-small;\">11<\/span><\/span><\/p>\n<\/td>\n<td bgcolor=\"#ff0000\" width=\"103\"><span style=\"font-family: Arial, sans-serif;\"><span style=\"font-size: xx-small;\">Olimpia Warszawa<\/span><\/span><\/td>\n<td valign=\"TOP\" bgcolor=\"#ff0000\" width=\"29\">\n<p align=\"CENTER\"><span style=\"font-family: Arial, sans-serif;\"><span style=\"font-size: xx-small;\">26<\/span><\/span><\/p>\n<\/td>\n<td bgcolor=\"#ff0000\" width=\"31\">\n<p align=\"CENTER\"><span style=\"font-family: Arial, sans-serif;\"><span style=\"font-size: xx-small;\">24<\/span><\/span><\/p>\n<\/td>\n<td bgcolor=\"#ff0000\" width=\"35\">\n<p align=\"CENTER\"><span style=\"font-family: Arial, sans-serif;\"><span style=\"font-size: xx-small;\">35<\/span><\/span><\/p>\n<\/td>\n<td bgcolor=\"#ff0000\" width=\"35\">\n<p align=\"CENTER\"><span style=\"font-family: Arial, sans-serif;\"><span style=\"font-size: xx-small;\">46<\/span><\/span><\/p>\n<\/td>\n<\/tr>\n<tr>\n<td bgcolor=\"#ff0000\" width=\"14\">\n<p align=\"CENTER\"><span style=\"font-family: Arial, sans-serif;\"><span style=\"font-size: xx-small;\"><b>12<\/b><\/span><\/span><\/p>\n<\/td>\n<td bgcolor=\"#ff0000\" width=\"103\"><span style=\"font-family: Arial, sans-serif;\"><span style=\"font-size: xx-small;\"><b>Granica K\u0119trzyn<\/b><\/span><\/span><\/td>\n<td valign=\"TOP\" bgcolor=\"#ff0000\" width=\"29\">\n<p align=\"CENTER\"><span style=\"font-family: Arial, sans-serif;\"><span style=\"font-size: xx-small;\"><b>26<\/b><\/span><\/span><\/p>\n<\/td>\n<td bgcolor=\"#ff0000\" width=\"31\">\n<p align=\"CENTER\"><span style=\"font-family: Arial, sans-serif;\"><span style=\"font-size: xx-small;\"><b>20<\/b><\/span><\/span><\/p>\n<\/td>\n<td bgcolor=\"#ff0000\" width=\"35\">\n<p align=\"CENTER\"><span style=\"font-family: Arial, sans-serif;\"><span style=\"font-size: xx-small;\"><b>38<\/b><\/span><\/span><\/p>\n<\/td>\n<td bgcolor=\"#ff0000\" width=\"35\">\n<p align=\"CENTER\"><span style=\"font-family: Arial, sans-serif;\"><span style=\"font-size: xx-small;\"><b>56<\/b><\/span><\/span><\/p>\n<\/td>\n<\/tr>\n<tr>\n<td bgcolor=\"#ff0000\" width=\"14\">\n<p align=\"CENTER\"><span style=\"font-family: Arial, sans-serif;\"><span style=\"font-size: xx-small;\">13<\/span><\/span><\/p>\n<\/td>\n<td bgcolor=\"#ff0000\" width=\"103\"><span style=\"font-family: Arial, sans-serif;\"><span style=\"font-size: xx-small;\">Ok\u0119cie Warszawa<\/span><\/span><\/td>\n<td valign=\"TOP\" bgcolor=\"#ff0000\" width=\"29\">\n<p align=\"CENTER\"><span style=\"font-family: Arial, sans-serif;\"><span style=\"font-size: xx-small;\">26<\/span><\/span><\/p>\n<\/td>\n<td bgcolor=\"#ff0000\" width=\"31\">\n<p align=\"CENTER\"><span style=\"font-family: Arial, sans-serif;\"><span style=\"font-size: xx-small;\">10<\/span><\/span><\/p>\n<\/td>\n<td bgcolor=\"#ff0000\" width=\"35\">\n<p align=\"CENTER\"><span style=\"font-family: Arial, sans-serif;\"><span style=\"font-size: xx-small;\">27<\/span><\/span><\/p>\n<\/td>\n<td bgcolor=\"#ff0000\" width=\"35\">\n<p align=\"CENTER\"><span style=\"font-family: Arial, sans-serif;\"><span style=\"font-size: xx-small;\">78<\/span><\/span><\/p>\n<\/td>\n<\/tr>\n<tr>\n<td bgcolor=\"#ff0000\" width=\"14\">\n<p align=\"CENTER\"><span style=\"font-family: Arial, sans-serif;\"><span style=\"font-size: xx-small;\">14<\/span><\/span><\/p>\n<\/td>\n<td bgcolor=\"#ff0000\" width=\"103\"><span style=\"font-family: Arial, sans-serif;\"><span style=\"font-size: xx-small;\">Narew Ostro\u0142eka<\/span><\/span><\/td>\n<td valign=\"TOP\" bgcolor=\"#ff0000\" width=\"29\">\n<p align=\"CENTER\"><span style=\"font-family: Arial, sans-serif;\"><span style=\"font-size: xx-small;\">26<\/span><\/span><\/p>\n<\/td>\n<td bgcolor=\"#ff0000\" width=\"31\">\n<p align=\"CENTER\"><span style=\"font-family: Arial, sans-serif;\"><span style=\"font-size: xx-small;\">10<\/span><\/span><\/p>\n<\/td>\n<td bgcolor=\"#ff0000\" width=\"35\">\n<p align=\"CENTER\"><span style=\"font-family: Arial, sans-serif;\"><span style=\"font-size: xx-small;\">22<\/span><\/span><\/p>\n<\/td>\n<td bgcolor=\"#ff0000\" width=\"35\">\n<p align=\"CENTER\"><span style=\"font-family: Arial, sans-serif;\"><span style=\"font-size: xx-small;\">66<\/span><\/span><\/p>\n<\/td>\n<\/tr>\n<\/tbody>\n<\/table>\n<p><span style=\"font-family: Arial, sans-serif;\">W sk\u0142ad kadry zespo\u0142u wchodzili: <i><b>Dragun Marcin, Giebie\u0144 Rados\u0142aw, Gomo\u0142a Zbigniew, Grochocki Tomasz, Hartkiewicz Marcin, Iwaniuk Pawe\u0142, Jab\u0142o\u0144ski Arkadiusz, Jakubowski Adam, Jankielewicz Marcin, Jegor Jakub, Jowsa Karol, Karpiuk Rafa\u0142, Ko\u0142akowski Sebastian, Kondej Piotr, Kuberski Jakub, Le\u017c\u0105\u0142a Marcin, \u0141ast\u00f3wka Krzysztof, Majewski Tomasz, majewski Daniel, Miechowicz Krystian, Micha\u0142owski Arkadiusz, Micha\u0142owski Piotr,M\u0142ynarczyk Patrycjusz, Muczajko Dawid, Narwojsz Andrzej, Pi\u0105tek Rafa\u0142, Pachucki Adam, Pa\u0142asz Cezary, Pejski Tomasz, Pilipiec Dariusz, Pietkiel Kamil, Pola\u0144ski Rados\u0142aw, Poniatowski Dariusz, Romanowski Pawe\u0142, Stecki Sylwester, Staruk Jaros\u0142aw, Soko\u0142owski Piotr, Staruk Jaros\u0142aw, Witkowski Piotr, Wojciechowski Daniel, Wojtk\u00f3w Marek, Zapa\u0142owski Pawe\u0142 \/ Piotr, Zi\u00f3\u0142kowski Robert, Zuber Artur<\/b><\/i><i>. <\/i>Trener<b>:<\/b> <i><b>Andrzej<\/b><\/i> <b>Klimowicz, <\/b>kierownik <i><b>Eugeniusz Guz<\/b><\/i>.<\/span><\/p>\n<p><span style=\"font-family: Arial, sans-serif;\">Kolejne medalowe lokaty, tym razem w sezonie 1996\/1997 zaj\u0119li juniorzy (<i>1978 i m\u0142odsi<\/i>), juniorzy m\u0142odsi (<i>1980 i m\u0142odsi<\/i>) oraz trampkarze (<i>1982 i m\u0142odsi<\/i>). Zesp\u00f3\u0142 junior\u00f3w prowadzony pocz\u0105tkowo przez <i><b>Waleriana Soko\u0142owskiego<\/b><\/i><b>, <\/b> a p\u00f3\u017aniej <i><b>Wojciecha Lubienieckiego<\/b><\/i> uplasowa\u0142 si\u0119 na trzecim miejscu w wojew\u00f3dztwie, natomiast juniorzy m\u0142odsi oraz trampkarze (w\u00f3wczas m\u0142odzicy) wywalczyli tytu\u0142y wicemistrzowskie. Dru\u017cyny junior\u00f3w m\u0142odszych <i><b>Wies\u0142awa Sopy\u0142y<\/b><\/i> ( przej\u0105\u0142 obowi\u0105zki trenera we wrze\u015bniu 1996 od <i><b>Zbigniewa Wtulicha<\/b><\/i>) oraz trampkarzy <i><b>Eugeniusza<\/b><\/i> <i><b>Michaluka<\/b><\/i> wywalczy\u0142y w swoich kategoriach tytu\u0142y wicemistrzowskie. W tym czasie spora grupa m\u0142odych zawodnik\u00f3w Granicy otrzymywa\u0142a powo\u0142ania do kadr wojew\u00f3dzkich. W Pucharze Deyny (r.1981) w meczach z Suwa\u0142kami, Ostro\u0142\u0119k\u0105 i Bia\u0142ymstokiem wyst\u0105pili<i>:<\/i><i><b> \u0141ukasz Lubieniecki, Pa\u0142asz Cezary, \u0141ukasz Jo\u0144czak, Piotr Sopy\u0142a i Tomasz Malinowski<\/b><\/i><b>.<\/b> W Pucharze Kuchara natomiast gra\u0142 <i><b>Grzegorz Lech<\/b><\/i><span style=\"color: #00b050;\">. <\/span> <\/span><\/p>\n<p><span style=\"font-family: Arial, sans-serif;\">W kolejnym sezonie juniorzy m\u0142odsi (<i>1981 i m\u0142odsi<\/i>) ponownie znale\u017ali si\u0119 w fazie fina\u0142owej rozgrywek i rywalizowali w niej z dru\u017cynami olszty\u0144skimi: Stomilem i Warmi\u0105. Niestety, na chwil\u0119 obecn\u0105 ostatecznej klasyfikacji nie uda\u0142o mi si\u0119 jednak ustali\u0107. <\/span><\/p>\n<p><span style=\"font-family: Arial, sans-serif;\">W sezonie 1998\/1999 kolejny tytu\u0142 wicemistrzowski, tym razem w kategorii junior\u00f3w (<i>1980 i m\u0142odsi<\/i>) zdobyli podopieczni trenera <i><b>Wies\u0142awa Sopy\u0142y<\/b><\/i>. W fazie grupowej k\u0119trzynianie wygrali 13 mecz\u00f3w i zremisowali jeden ( <i>0:0 z \u0141yn\u0105 w S\u0119popolu<\/i>) uzyskuj\u0105c imponuj\u0105cy bilans bramkowy 51:7 i w walce o tytu\u0142 mistrzowski zmierzyli si\u0119 ze zwyci\u0119zc\u0105 grupy nr 1 ostr\u00f3dzkim Soko\u0142em. W K\u0119trzynie lepsi byli zawodnicy Granicy wygrywaj\u0105c 2:1 ( <i><b>Gomo\u0142a i Kowalczyk<\/b><\/i>), w Ostr\u00f3dzie natomiast wygrali gospodarze 2:0 i to oni zdobyli tytu\u0142. Juniorzy m\u0142odsi (<i>1982 i m\u0142odsi<\/i>) trenera <i><b>E. Michaluka<\/b><\/i> w swojej grupie zaj\u0119li \u201etylko\u201d druga lokat\u0119, co w my\u015bl obowi\u0105zuj\u0105cego w\u00f3wczas regulaminu rozgrywek da\u0142o im miejsce trzecie na szczeblu okr\u0119gu. <\/span><\/p>\n<p><span style=\"font-family: Arial, sans-serif;\">Sezon 1999\/2000 to ostatni sezon rozgrywek w dawnym uk\u0142adzie terytorialnym ( wojew\u00f3dztwo olszty\u0144skie) i rywalizacji na szczeblu tzw. okr\u0119gu ( Olszty\u0144ski Okr\u0119gowy Zwi\u0105zek Pi\u0142ki No\u017cnej). W my\u015bl zasady \u201eco si\u0119 odwlecze to nie uciecze\u201d kolejny sezon ukoronowa\u0142 wieloletni\u0105, dobr\u0105 postaw\u0119 dru\u017cyny junior\u00f3w (<i>1981 i m\u0142odsi<\/i>), kt\u00f3rzy ponownie bardzo pozytywnie dali o sobie zna\u0107. Co prawda, w fazie grupowej k\u0119trzynianie zaj\u0119li \u201etylko\u201d trzecie miejsce, ale da\u0142o im to prawo gry w bara\u017cach o tytu\u0142 mistrzowski, w kt\u00f3rych byli bezapelacyjnie najlepsi. W sk\u0142adzie mistrzowskiej dru\u017cyny <i><b>Wies\u0142awa Sopy\u0142y<\/b><\/i>, znajdowali si\u0119 nast\u0119puj\u0105cy zawodnicy: <i><b>Burkacki Adam, Dziad\u0142owski Piotr, Jo\u0144czak Kamil, Jo\u0144czak \u0141ukasz, Lubieniecki \u0141ukasz, \u0141ast\u00f3wka Kamil, Milewski S\u0142awomir, Molenda \u0141ukasz, Na\u0142ysnyk Szymon, Opali\u0144ski B\u0142a\u017cej, Pa\u0142asz Cezary, Pietkiel Daniel, Rogowski Kamil, Sepczy\u0144ski Tomasz, Sopy\u0142a Piotr, Szorc Rados\u0142aw, Wepa Mariusz i \u017by\u017cyk Micha\u0142. <\/b><\/i><\/span><\/p>\n<p align=\"CENTER\"><span style=\"font-family: Arial, sans-serif;\"><span style=\"font-size: xx-small;\"><u><b>Tabela ko\u0144cowa rozgrywek fina\u0142owych<\/b><\/u><\/span><\/span><\/p>\n<table border=\"1\" width=\"235\" cellspacing=\"1\" cellpadding=\"2\">\n<colgroup>\n<col width=\"14\" \/>\n<col width=\"92\" \/>\n<col width=\"31\" \/>\n<col width=\"35\" \/>\n<col width=\"35\" \/> <\/colgroup>\n<thead>\n<tr>\n<td width=\"14\">\n<p align=\"CENTER\"><span style=\"font-family: Arial, sans-serif;\"><span style=\"font-size: xx-small;\">Lp.<\/span><\/span><\/p>\n<\/td>\n<td width=\"92\">\n<p align=\"CENTER\"><span style=\"font-family: Arial, sans-serif;\"><span style=\"font-size: xx-small;\">Nazwa Dru\u017cyny<\/span><\/span><\/p>\n<\/td>\n<td width=\"31\">\n<p align=\"CENTER\"><span style=\"font-family: Arial, sans-serif;\"><span style=\"font-size: xx-small;\">Punkty<\/span><\/span><\/p>\n<\/td>\n<td width=\"35\">\n<p align=\"CENTER\"><span style=\"font-family: Arial, sans-serif;\"><span style=\"font-size: xx-small;\">Gole<br \/>\nzdobyte<\/span><\/span><\/p>\n<\/td>\n<td width=\"35\">\n<p align=\"CENTER\"><span style=\"font-family: Arial, sans-serif;\"><span style=\"font-size: xx-small;\">Gole<br \/>\nstracone<\/span><\/span><\/p>\n<\/td>\n<\/tr>\n<\/thead>\n<tbody>\n<tr>\n<td width=\"14\">\n<p align=\"CENTER\"><span style=\"font-family: Arial, sans-serif;\"><span style=\"color: #00b050;\"><span style=\"font-size: xx-small;\"><b>1<\/b><\/span><\/span><\/span><\/p>\n<\/td>\n<td width=\"92\"><span style=\"font-family: Arial, sans-serif;\"><span style=\"color: #00b050;\"><span style=\"font-size: xx-small;\"><b>Granica K\u0119trzyn<\/b><\/span><\/span><\/span><\/td>\n<td width=\"31\">\n<p align=\"CENTER\"><span style=\"font-family: Arial, sans-serif;\"><span style=\"color: #00b050;\"><span style=\"font-size: xx-small;\"><b>21<\/b><\/span><\/span><\/span><\/p>\n<\/td>\n<td width=\"35\">\n<p align=\"CENTER\"><span style=\"font-family: Arial, sans-serif;\"><span style=\"color: #00b050;\"><span style=\"font-size: xx-small;\"><b>25<\/b><\/span><\/span><\/span><\/p>\n<\/td>\n<td width=\"35\">\n<p align=\"CENTER\"><span style=\"font-family: Arial, sans-serif;\"><span style=\"color: #00b050;\"><span style=\"font-size: xx-small;\"><b>16<\/b><\/span><\/span><\/span><\/p>\n<\/td>\n<\/tr>\n<tr>\n<td width=\"14\">\n<p align=\"CENTER\"><span style=\"font-family: Arial, sans-serif;\"><span style=\"color: #00b050;\"><span style=\"font-size: xx-small;\">2<\/span><\/span><\/span><\/p>\n<\/td>\n<td width=\"92\"><span style=\"font-family: Arial, sans-serif;\"><span style=\"color: #00b050;\"><span style=\"font-size: xx-small;\">Mr\u0105gowia Mr\u0105gowo<\/span><\/span><\/span><\/td>\n<td width=\"31\">\n<p align=\"CENTER\"><span style=\"font-family: Arial, sans-serif;\"><span style=\"color: #00b050;\"><span style=\"font-size: xx-small;\">16<\/span><\/span><\/span><\/p>\n<\/td>\n<td width=\"35\">\n<p align=\"CENTER\"><span style=\"font-family: Arial, sans-serif;\"><span style=\"color: #00b050;\"><span style=\"font-size: xx-small;\">19<\/span><\/span><\/span><\/p>\n<\/td>\n<td width=\"35\">\n<p align=\"CENTER\"><span style=\"font-family: Arial, sans-serif;\"><span style=\"color: #00b050;\"><span style=\"font-size: xx-small;\">30<\/span><\/span><\/span><\/p>\n<\/td>\n<\/tr>\n<tr>\n<td width=\"14\">\n<p align=\"CENTER\"><span style=\"font-family: Arial, sans-serif;\"><span style=\"color: #00b050;\"><span style=\"font-size: xx-small;\">3<\/span><\/span><\/span><\/p>\n<\/td>\n<td width=\"92\"><span style=\"font-family: Arial, sans-serif;\"><span style=\"color: #00b050;\"><span style=\"font-size: xx-small;\">Motor Lubawa <\/span><\/span><\/span><\/td>\n<td width=\"31\">\n<p align=\"CENTER\"><span style=\"font-family: Arial, sans-serif;\"><span style=\"color: #00b050;\"><span style=\"font-size: xx-small;\">15<\/span><\/span><\/span><\/p>\n<\/td>\n<td width=\"35\">\n<p align=\"CENTER\"><span style=\"font-family: Arial, sans-serif;\"><span style=\"color: #00b050;\"><span style=\"font-size: xx-small;\">25<\/span><\/span><\/span><\/p>\n<\/td>\n<td width=\"35\">\n<p align=\"CENTER\"><span style=\"font-family: Arial, sans-serif;\"><span style=\"color: #00b050;\"><span style=\"font-size: xx-small;\">19<\/span><\/span><\/span><\/p>\n<\/td>\n<\/tr>\n<tr>\n<td width=\"14\">\n<p align=\"CENTER\"><span style=\"font-family: Arial, sans-serif;\"><span style=\"color: #00b050;\"><span style=\"font-size: xx-small;\">4<\/span><\/span><\/span><\/p>\n<\/td>\n<td width=\"92\"><span style=\"font-family: Arial, sans-serif;\"><span style=\"color: #00b050;\"><span style=\"font-size: xx-small;\">Victoria Bartoszyce <\/span><\/span><\/span><\/td>\n<td width=\"31\">\n<p align=\"CENTER\"><span style=\"font-family: Arial, sans-serif;\"><span style=\"color: #00b050;\"><span style=\"font-size: xx-small;\">14<\/span><\/span><\/span><\/p>\n<\/td>\n<td width=\"35\">\n<p align=\"CENTER\"><span style=\"font-family: Arial, sans-serif;\"><span style=\"color: #00b050;\"><span style=\"font-size: xx-small;\">32<\/span><\/span><\/span><\/p>\n<\/td>\n<td width=\"35\">\n<p align=\"CENTER\"><span style=\"font-family: Arial, sans-serif;\"><span style=\"color: #00b050;\"><span style=\"font-size: xx-small;\">27<\/span><\/span><\/span><\/p>\n<\/td>\n<\/tr>\n<tr>\n<td width=\"14\">\n<p align=\"CENTER\"><span style=\"font-family: Arial, sans-serif;\"><span style=\"color: #00b050;\"><span style=\"font-size: xx-small;\">5<\/span><\/span><\/span><\/p>\n<\/td>\n<td width=\"92\"><span style=\"font-family: Arial, sans-serif;\"><span style=\"color: #00b050;\"><span style=\"font-size: xx-small;\">Start Nidzica<\/span><\/span><\/span><\/td>\n<td width=\"31\">\n<p align=\"CENTER\"><span style=\"font-family: Arial, sans-serif;\"><span style=\"color: #00b050;\"><span style=\"font-size: xx-small;\">13<\/span><\/span><\/span><\/p>\n<\/td>\n<td width=\"35\">\n<p align=\"CENTER\"><span style=\"font-family: Arial, sans-serif;\"><span style=\"color: #00b050;\"><span style=\"font-size: xx-small;\">24<\/span><\/span><\/span><\/p>\n<\/td>\n<td width=\"35\">\n<p align=\"CENTER\"><span style=\"font-family: Arial, sans-serif;\"><span style=\"color: #00b050;\"><span style=\"font-size: xx-small;\">23<\/span><\/span><\/span><\/p>\n<\/td>\n<\/tr>\n<tr>\n<td width=\"14\">\n<p align=\"CENTER\"><span style=\"font-family: Arial, sans-serif;\"><span style=\"color: #00b050;\"><span style=\"font-size: xx-small;\">6<\/span><\/span><\/span><\/p>\n<\/td>\n<td width=\"92\"><span style=\"font-family: Arial, sans-serif;\"><span style=\"color: #00b050;\"><span style=\"font-size: xx-small;\">MKS Szczytno <\/span><\/span><\/span><\/td>\n<td width=\"31\">\n<p align=\"CENTER\"><span style=\"font-family: Arial, sans-serif;\"><span style=\"color: #00b050;\"><span style=\"font-size: xx-small;\">7<\/span><\/span><\/span><\/p>\n<\/td>\n<td width=\"35\">\n<p align=\"CENTER\"><span style=\"font-family: Arial, sans-serif;\"><span style=\"color: #00b050;\"><span style=\"font-size: xx-small;\">14<\/span><\/span><\/span><\/p>\n<\/td>\n<td width=\"35\">\n<p align=\"CENTER\"><span style=\"font-family: Arial, sans-serif;\"><span style=\"color: #00b050;\"><span style=\"font-size: xx-small;\">23<\/span><\/span><\/span><\/p>\n<\/td>\n<\/tr>\n<\/tbody>\n<\/table>\n<p><span style=\"font-family: Arial, sans-serif;\">Niewiele zabrak\u0142o juniorom m\u0142odszym (<i>1983 i m\u0142odsi<\/i>) aby p\u00f3j\u015b\u0107 w \u015blady starszych koleg\u00f3w, lecz tym razem podopieczni <i><b>Eugeniusza Michaluka<\/b><\/i> musieli zadowoli\u0107 si\u0119 tylko wicemistrzostwem. <b> <\/b> <\/span><\/p>\n<p align=\"CENTER\"><span style=\"font-family: Arial, sans-serif;\"><span style=\"font-size: xx-small;\"><b>Tabela ko\u0144cowa rozgrywek fina\u0142owych<\/b><\/span><\/span><\/p>\n<table border=\"1\" width=\"222\" cellspacing=\"1\" cellpadding=\"2\">\n<colgroup>\n<col width=\"14\" \/>\n<col width=\"78\" \/>\n<col width=\"31\" \/>\n<col width=\"35\" \/>\n<col width=\"35\" \/> <\/colgroup>\n<thead>\n<tr>\n<td width=\"14\">\n<p align=\"CENTER\"><span style=\"font-family: Arial, sans-serif;\"><span style=\"font-size: xx-small;\">Lp.<\/span><\/span><\/p>\n<\/td>\n<td width=\"78\">\n<p align=\"CENTER\"><span style=\"font-family: Arial, sans-serif;\"><span style=\"font-size: xx-small;\">Nazwa Dru\u017cyny<\/span><\/span><\/p>\n<\/td>\n<td width=\"31\">\n<p align=\"CENTER\"><span style=\"font-family: Arial, sans-serif;\"><span style=\"font-size: xx-small;\">Punkty<\/span><\/span><\/p>\n<\/td>\n<td width=\"35\">\n<p align=\"CENTER\"><span style=\"font-family: Arial, sans-serif;\"><span style=\"font-size: xx-small;\">Gole<br \/>\nzdobyte<\/span><\/span><\/p>\n<\/td>\n<td width=\"35\">\n<p align=\"CENTER\"><span style=\"font-family: Arial, sans-serif;\"><span style=\"font-size: xx-small;\">Gole<br \/>\nstracone<\/span><\/span><\/p>\n<\/td>\n<\/tr>\n<\/thead>\n<tbody>\n<tr>\n<td width=\"14\">\n<p align=\"CENTER\"><span style=\"font-family: Arial, sans-serif;\"><span style=\"color: #00b050;\"><span style=\"font-size: xx-small;\">1<\/span><\/span><\/span><\/p>\n<\/td>\n<td width=\"78\"><span style=\"font-family: Arial, sans-serif;\"><span style=\"color: #00b050;\"><span style=\"font-size: xx-small;\">Stomil II Olsztyn<\/span><\/span><\/span><\/td>\n<td width=\"31\">\n<p align=\"CENTER\"><span style=\"font-family: Arial, sans-serif;\"><span style=\"color: #00b050;\"><span style=\"font-size: xx-small;\">25<\/span><\/span><\/span><\/p>\n<\/td>\n<td width=\"35\">\n<p align=\"CENTER\"><span style=\"font-family: Arial, sans-serif;\"><span style=\"color: #00b050;\"><span style=\"font-size: xx-small;\">33<\/span><\/span><\/span><\/p>\n<\/td>\n<td width=\"35\">\n<p align=\"CENTER\"><span style=\"font-family: Arial, sans-serif;\"><span style=\"color: #00b050;\"><span style=\"font-size: xx-small;\">9<\/span><\/span><\/span><\/p>\n<\/td>\n<\/tr>\n<tr>\n<td width=\"14\">\n<p align=\"CENTER\"><span style=\"font-family: Arial, sans-serif;\"><span style=\"color: #00b050;\"><span style=\"font-size: xx-small;\"><b>2<\/b><\/span><\/span><\/span><\/p>\n<\/td>\n<td width=\"78\"><span style=\"font-family: Arial, sans-serif;\"><span style=\"color: #00b050;\"><span style=\"font-size: xx-small;\"><b>Granica K\u0119trzyn<\/b><\/span><\/span><\/span><\/td>\n<td width=\"31\">\n<p align=\"CENTER\"><span style=\"font-family: Arial, sans-serif;\"><span style=\"color: #00b050;\"><span style=\"font-size: xx-small;\"><b>21<\/b><\/span><\/span><\/span><\/p>\n<\/td>\n<td width=\"35\">\n<p align=\"CENTER\"><span style=\"font-family: Arial, sans-serif;\"><span style=\"color: #00b050;\"><span style=\"font-size: xx-small;\"><b>22<\/b><\/span><\/span><\/span><\/p>\n<\/td>\n<td width=\"35\">\n<p align=\"CENTER\"><span style=\"font-family: Arial, sans-serif;\"><span style=\"color: #00b050;\"><span style=\"font-size: xx-small;\"><b>11<\/b><\/span><\/span><\/span><\/p>\n<\/td>\n<\/tr>\n<tr>\n<td width=\"14\">\n<p align=\"CENTER\"><span style=\"font-family: Arial, sans-serif;\"><span style=\"color: #00b050;\"><span style=\"font-size: xx-small;\">3<\/span><\/span><\/span><\/p>\n<\/td>\n<td width=\"78\"><span style=\"font-family: Arial, sans-serif;\"><span style=\"color: #00b050;\"><span style=\"font-size: xx-small;\">Warmia Olsztyn <\/span><\/span><\/span><\/td>\n<td width=\"31\">\n<p align=\"CENTER\"><span style=\"font-family: Arial, sans-serif;\"><span style=\"color: #00b050;\"><span style=\"font-size: xx-small;\">16<\/span><\/span><\/span><\/p>\n<\/td>\n<td width=\"35\">\n<p align=\"CENTER\"><span style=\"font-family: Arial, sans-serif;\"><span style=\"color: #00b050;\"><span style=\"font-size: xx-small;\">20<\/span><\/span><\/span><\/p>\n<\/td>\n<td width=\"35\">\n<p align=\"CENTER\"><span style=\"font-family: Arial, sans-serif;\"><span style=\"color: #00b050;\"><span style=\"font-size: xx-small;\">7<\/span><\/span><\/span><\/p>\n<\/td>\n<\/tr>\n<tr>\n<td width=\"14\">\n<p align=\"CENTER\"><span style=\"font-family: Arial, sans-serif;\"><span style=\"color: #00b050;\"><span style=\"font-size: xx-small;\">4<\/span><\/span><\/span><\/p>\n<\/td>\n<td width=\"78\"><span style=\"font-family: Arial, sans-serif;\"><span style=\"color: #00b050;\"><span style=\"font-size: xx-small;\">Stomil I Olsztyn<\/span><\/span><\/span><\/td>\n<td width=\"31\">\n<p align=\"CENTER\"><span style=\"font-family: Arial, sans-serif;\"><span style=\"color: #00b050;\"><span style=\"font-size: xx-small;\">9<\/span><\/span><\/span><\/p>\n<\/td>\n<td width=\"35\">\n<p align=\"CENTER\"><span style=\"font-family: Arial, sans-serif;\"><span style=\"color: #00b050;\"><span style=\"font-size: xx-small;\">14<\/span><\/span><\/span><\/p>\n<\/td>\n<td width=\"35\">\n<p align=\"CENTER\"><span style=\"font-family: Arial, sans-serif;\"><span style=\"color: #00b050;\"><span style=\"font-size: xx-small;\">25<\/span><\/span><\/span><\/p>\n<\/td>\n<\/tr>\n<tr>\n<td width=\"14\">\n<p align=\"CENTER\"><span style=\"font-family: Arial, sans-serif;\"><span style=\"color: #00b050;\"><span style=\"font-size: xx-small;\">5<\/span><\/span><\/span><\/p>\n<\/td>\n<td width=\"78\"><span style=\"font-family: Arial, sans-serif;\"><span style=\"color: #00b050;\"><span style=\"font-size: xx-small;\">MKS Szczytno<\/span><\/span><\/span><\/td>\n<td width=\"31\">\n<p align=\"CENTER\"><span style=\"font-family: Arial, sans-serif;\"><span style=\"color: #00b050;\"><span style=\"font-size: xx-small;\">9<\/span><\/span><\/span><\/p>\n<\/td>\n<td width=\"35\">\n<p align=\"CENTER\"><span style=\"font-family: Arial, sans-serif;\"><span style=\"color: #00b050;\"><span style=\"font-size: xx-small;\">11<\/span><\/span><\/span><\/p>\n<\/td>\n<td width=\"35\">\n<p align=\"CENTER\"><span style=\"font-family: Arial, sans-serif;\"><span style=\"color: #00b050;\"><span style=\"font-size: xx-small;\">28<\/span><\/span><\/span><\/p>\n<\/td>\n<\/tr>\n<tr>\n<td width=\"14\">\n<p align=\"CENTER\"><span style=\"font-family: Arial, sans-serif;\"><span style=\"color: #00b050;\"><span style=\"font-size: xx-small;\">6<\/span><\/span><\/span><\/p>\n<\/td>\n<td width=\"78\"><span style=\"font-family: Arial, sans-serif;\"><span style=\"color: #00b050;\"><span style=\"font-size: xx-small;\">Motor Lubawa<\/span><\/span><\/span><\/td>\n<td width=\"31\">\n<p align=\"CENTER\"><span style=\"font-family: Arial, sans-serif;\"><span style=\"color: #00b050;\"><span style=\"font-size: xx-small;\">6<\/span><\/span><\/span><\/p>\n<\/td>\n<td width=\"35\">\n<p align=\"CENTER\"><span style=\"font-family: Arial, sans-serif;\"><span style=\"color: #00b050;\"><span style=\"font-size: xx-small;\">11<\/span><\/span><\/span><\/p>\n<\/td>\n<td width=\"35\">\n<p align=\"CENTER\"><span style=\"font-family: Arial, sans-serif;\"><span style=\"color: #00b050;\"><span style=\"font-size: xx-small;\">29<\/span><\/span><\/span><\/p>\n<\/td>\n<\/tr>\n<\/tbody>\n<\/table>\n<p><a name=\"_GoBack\"><\/a> <span style=\"font-family: Arial, sans-serif;\">Jako ciekawostk\u0119 doda\u0107 nale\u017cy, \u017ce dniu 30.06.2000 dokona\u0142 si\u0119 transfer definitywny wychowanka Granicy <i><b>Grzegorza Lecha<\/b><\/i> do Stomilu Olsztyn, a stamt\u0105d r\u00f3wnie\u017c na ekstraklasowe boiska.<\/span><\/p>\n<p><span style=\"font-family: Arial, sans-serif;\">Od sezonu 2000\/2001 zmieni\u0142a si\u0119 nieco struktura i zasi\u0119g rozgrywek pi\u0142karskich. W zwi\u0105zku z powstaniem wojew\u00f3dztwa warmi\u0144sko \u2013 mazurskiego do rywalizacji w\u0142\u0105czy\u0142y si\u0119 nowe dru\u017cyny z teren\u00f3w obecnych powiat\u00f3w: braniewskiego, elbl\u0105skiego, dzia\u0142dowskiego, e\u0142ckiego, gi\u017cyckiego, go\u0142dapskiego, oleckiego, nowomiejskiego czy w\u0119gorzewskiego. Wi\u0119ksza ilo\u015b\u0107 dru\u017cyn oraz znacznie bardziej rozbudowany system rozgrywek, w szczeg\u00f3lno\u015bci m\u0142odzie\u017cowych, spowodowa\u0142o, \u017ce droga do ewentualnych sukces\u00f3w w poszczeg\u00f3lnych kategoriach wiekowych, sta\u0142a si\u0119 trudniejsza ni\u017c w latach minionych. To oraz wiele innych czynnik\u00f3w, spowodowa\u0142o \u017ce po roku 2000 m\u0142odzie\u017cowe i dzieci\u0119ce zespo\u0142y Granicy nie zanotowa\u0142y medalowych sukces\u00f3w na poziomie wojew\u00f3dzkim. K\u0119trzy\u0144ska m\u0142odzie\u017c pi\u0142karska generalnie zalicza\u0142a si\u0119 do wojew\u00f3dzkich \u015bredniak\u00f3w, notuj\u0105c w poszczeg\u00f3lnych sezonach wzloty i upadki ( czytaj: awanse i spadki), posiadaj\u0105c w swych szeregach liczn\u0105 grup\u0119 utalentowanych zawodnik\u00f3w, jak chocia\u017cby <i><b>Damian Garbacik, <\/b><\/i>jednak \u017cadnemu z nich nie uda\u0142o si\u0119 \u201ewstrzeli\u0107\u201d w taki rocznik, kt\u00f3ry by\u0142by zdolny powalczy\u0107 o wojew\u00f3dzkie trofea. Najbli\u017cej medalowego sukcesu byli w sezonie 2007\/2008 juniorzy m\u0142odsi ( r. 1991 i m\u0142odsi) trenera <i><b>Piotra Sopy\u0142y<\/b><\/i>, kt\u00f3rzy w rozgrywkach Wojew\u00f3dzkiej Ligi Junior\u00f3w M\u0142odszych zaj\u0119li 5 miejsce, za dru\u017cynami: P\u0142omie\u0144 E\u0142k, Warmia Olsztyn, Olimpia Elbl\u0105g i mistrzem OKS Olsztyn. Bior\u0105c pod uwag\u0119 to, \u017ce zar\u00f3wno ilo\u015b\u0107 dru\u017cyn, jak i zawodnik\u00f3w bior\u0105cych udzia\u0142 w rozgrywkach pi\u0142karskich po 2000 roku jest znaczna, to wydaje si\u0119 zasadnym po\u015bwi\u0119ci\u0107 im odr\u0119bn\u0105 publikacj\u0119, kt\u00f3ra mam nadziej\u0119 uka\u017ce si\u0119 ju\u017c w nieodleg\u0142ej przysz\u0142o\u015bci. <\/span><\/p>\n<p><span style=\"font-family: Arial, sans-serif;\">Wies\u0142aw Sopy\u0142a.<\/span><\/p>\n\n\t\t\t<style type='text\/css'>\n\t\t\t\t#gallery-1 {\n\t\t\t\t\tmargin: auto;\n\t\t\t\t}\n\t\t\t\t#gallery-1 .gallery-item {\n\t\t\t\t\tfloat: left;\n\t\t\t\t\tmargin-top: 10px;\n\t\t\t\t\ttext-align: center;\n\t\t\t\t\twidth: 33%;\n\t\t\t\t}\n\t\t\t\t#gallery-1 img {\n\t\t\t\t\tborder: 2px solid #cfcfcf;\n\t\t\t\t}\n\t\t\t\t#gallery-1 .gallery-caption {\n\t\t\t\t\tmargin-left: 0;\n\t\t\t\t}\n\t\t\t\t\/* see gallery_shortcode() in wp-includes\/media.php *\/\n\t\t\t<\/style>\n\t\t<div id='gallery-1' class='dt-gallery-container gallery galleryid-25723 gallery-columns-3 gallery-size-thumbnail'><dl class='gallery-item'>\n\t\t\t\t<dt class='gallery-icon landscape'>\n\t\t\t\t\t<a class=\"rollover rollover-zoom dt-pswp-item\" title=\"1957. Juniorzy. Pierwszy Mielnik, ostatni Rypina F. oraz Ko\u015bciu Jan\" data-dt-img-description=\"\" data-large_image_width=\"1200\" data-large_image_height=\"675\"href='https:\/\/www.mosir-ketrzyn.pl\/wp-content\/uploads\/2020\/06\/1957.-Juniorzy.-Pierwszy-Mielnik-ostatni-Rypina-F.-oraz-Kosciu-Jan.jpg'><img loading=\"lazy\" decoding=\"async\" width=\"150\" height=\"150\" src=\"https:\/\/www.mosir-ketrzyn.pl\/wp-content\/uploads\/2020\/06\/1957.-Juniorzy.-Pierwszy-Mielnik-ostatni-Rypina-F.-oraz-Kosciu-Jan-150x150.jpg\" class=\"attachment-thumbnail size-thumbnail\" alt=\"\" \/><\/a>\n\t\t\t\t<\/dt><\/dl><dl class='gallery-item'>\n\t\t\t\t<dt class='gallery-icon portrait'>\n\t\t\t\t\t<a class=\"rollover rollover-zoom dt-pswp-item\" title=\"1958. Powo\u0142anie na ob\u00f3z junior\u00f3w we Wroc\u0142awiu.\" data-dt-img-description=\"\" data-large_image_width=\"722\" data-large_image_height=\"1200\"href='https:\/\/www.mosir-ketrzyn.pl\/wp-content\/uploads\/2020\/06\/1958.-Powolanie-na-oboz-juniorow-we-Wroclawiu.-.jpg'><img loading=\"lazy\" decoding=\"async\" width=\"150\" height=\"150\" src=\"https:\/\/www.mosir-ketrzyn.pl\/wp-content\/uploads\/2020\/06\/1958.-Powolanie-na-oboz-juniorow-we-Wroclawiu.--150x150.jpg\" class=\"attachment-thumbnail size-thumbnail\" alt=\"\" \/><\/a>\n\t\t\t\t<\/dt><\/dl><dl class='gallery-item'>\n\t\t\t\t<dt class='gallery-icon landscape'>\n\t\t\t\t\t<a class=\"rollover rollover-zoom dt-pswp-item\" title=\"1973. Juniorzy - Mo\u017cejko. Kostecki Kupiec, Krawczyk, Kozakiewicz, Pikus, Furlepa, Strumi\u0142owski, Liszewski,\" data-dt-img-description=\"\" data-large_image_width=\"1200\" data-large_image_height=\"801\"href='https:\/\/www.mosir-ketrzyn.pl\/wp-content\/uploads\/2020\/06\/1973.-Juniorzy-Mozejko.-Kostecki-Kupiec-Krawczyk-Kozakiewicz-Pikus-Furlepa-Strumilowski-Liszewski.jpg'><img loading=\"lazy\" decoding=\"async\" width=\"150\" height=\"150\" src=\"https:\/\/www.mosir-ketrzyn.pl\/wp-content\/uploads\/2020\/06\/1973.-Juniorzy-Mozejko.-Kostecki-Kupiec-Krawczyk-Kozakiewicz-Pikus-Furlepa-Strumilowski-Liszewski-150x150.jpg\" class=\"attachment-thumbnail size-thumbnail\" alt=\"\" \/><\/a>\n\t\t\t\t<\/dt><\/dl><br style=\"clear: both\" \/><dl class='gallery-item'>\n\t\t\t\t<dt class='gallery-icon landscape'>\n\t\t\t\t\t<a class=\"rollover rollover-zoom dt-pswp-item\" title=\"1974. Juniorzy Granicy przed meczem.\" data-dt-img-description=\"\" data-large_image_width=\"1200\" data-large_image_height=\"908\"href='https:\/\/www.mosir-ketrzyn.pl\/wp-content\/uploads\/2020\/06\/1974.-Juniorzy-Granicy-przed-meczem.jpg'><img loading=\"lazy\" decoding=\"async\" width=\"150\" height=\"150\" src=\"https:\/\/www.mosir-ketrzyn.pl\/wp-content\/uploads\/2020\/06\/1974.-Juniorzy-Granicy-przed-meczem-150x150.jpg\" class=\"attachment-thumbnail size-thumbnail\" alt=\"\" \/><\/a>\n\t\t\t\t<\/dt><\/dl><dl class='gallery-item'>\n\t\t\t\t<dt class='gallery-icon landscape'>\n\t\t\t\t\t<a class=\"rollover rollover-zoom dt-pswp-item\" title=\"1983. Zesp\u00f3\u0142 junior\u00f3w z Piotrem Lechem.\" data-dt-img-description=\"\" data-large_image_width=\"1200\" data-large_image_height=\"720\"href='https:\/\/www.mosir-ketrzyn.pl\/wp-content\/uploads\/2020\/06\/1983.-Zespol-juniorow-z-Piotrem-Lechem.png'><img loading=\"lazy\" decoding=\"async\" width=\"150\" height=\"150\" src=\"https:\/\/www.mosir-ketrzyn.pl\/wp-content\/uploads\/2020\/06\/1983.-Zespol-juniorow-z-Piotrem-Lechem-150x150.png\" class=\"attachment-thumbnail size-thumbnail\" alt=\"\" \/><\/a>\n\t\t\t\t<\/dt><\/dl><dl class='gallery-item'>\n\t\t\t\t<dt class='gallery-icon landscape'>\n\t\t\t\t\t<a class=\"rollover rollover-zoom dt-pswp-item\" title=\"1985. Juniorzy z trenerem Andrzejem Dolat\u0105.\" data-dt-img-description=\"\" data-large_image_width=\"1200\" data-large_image_height=\"691\"href='https:\/\/www.mosir-ketrzyn.pl\/wp-content\/uploads\/2020\/06\/1985.-Juniorzy-z-trenerem-Andrzejem-Dolata.png'><img loading=\"lazy\" decoding=\"async\" width=\"150\" height=\"150\" src=\"https:\/\/www.mosir-ketrzyn.pl\/wp-content\/uploads\/2020\/06\/1985.-Juniorzy-z-trenerem-Andrzejem-Dolata-150x150.png\" class=\"attachment-thumbnail size-thumbnail\" alt=\"\" \/><\/a>\n\t\t\t\t<\/dt><\/dl><br style=\"clear: both\" \/><dl class='gallery-item'>\n\t\t\t\t<dt class='gallery-icon landscape'>\n\t\t\t\t\t<a class=\"rollover rollover-zoom dt-pswp-item\" title=\"1988. Zesp\u00f3l junior\u00f3w z trenerami M. Wasilewskim i F. Rypin\u0105.\" data-dt-img-description=\"\" data-large_image_width=\"1200\" data-large_image_height=\"675\"href='https:\/\/www.mosir-ketrzyn.pl\/wp-content\/uploads\/2020\/06\/1988.-Zespol-juniorow-z-trenerami-M.-Wasilewskim-i-F.-Rypina.jpg'><img loading=\"lazy\" decoding=\"async\" width=\"150\" height=\"150\" src=\"https:\/\/www.mosir-ketrzyn.pl\/wp-content\/uploads\/2020\/06\/1988.-Zespol-juniorow-z-trenerami-M.-Wasilewskim-i-F.-Rypina-150x150.jpg\" class=\"attachment-thumbnail size-thumbnail\" alt=\"\" \/><\/a>\n\t\t\t\t<\/dt><\/dl><dl class='gallery-item'>\n\t\t\t\t<dt class='gallery-icon landscape'>\n\t\t\t\t\t<a class=\"rollover rollover-zoom dt-pswp-item\" title=\"1988. Zesp\u00f3\u0142 m\u0142odzik\u00f3w ( ob. trampkarzy) na boisku przy ul. Sikorskiego\" data-dt-img-description=\"\" data-large_image_width=\"1200\" data-large_image_height=\"675\"href='https:\/\/www.mosir-ketrzyn.pl\/wp-content\/uploads\/2020\/06\/1988.-Zespol-mlodzikow-ob.-trampkarzy-na-boisku-przy-ul.-Sikorskiego.jpg'><img loading=\"lazy\" decoding=\"async\" width=\"150\" height=\"150\" src=\"https:\/\/www.mosir-ketrzyn.pl\/wp-content\/uploads\/2020\/06\/1988.-Zespol-mlodzikow-ob.-trampkarzy-na-boisku-przy-ul.-Sikorskiego-150x150.jpg\" class=\"attachment-thumbnail size-thumbnail\" alt=\"\" \/><\/a>\n\t\t\t\t<\/dt><\/dl><dl class='gallery-item'>\n\t\t\t\t<dt class='gallery-icon landscape'>\n\t\t\t\t\t<a class=\"rollover rollover-zoom dt-pswp-item\" title=\"1989.02.26 - zimowy turniej junior\u00f3w w Ketrzynie.\" data-dt-img-description=\"\" data-large_image_width=\"1200\" data-large_image_height=\"739\"href='https:\/\/www.mosir-ketrzyn.pl\/wp-content\/uploads\/2020\/06\/1989.02.26-zimowy-turniej-juniorow-w-Ketrzynie.jpg'><img loading=\"lazy\" decoding=\"async\" width=\"150\" height=\"150\" src=\"https:\/\/www.mosir-ketrzyn.pl\/wp-content\/uploads\/2020\/06\/1989.02.26-zimowy-turniej-juniorow-w-Ketrzynie-150x150.jpg\" class=\"attachment-thumbnail size-thumbnail\" alt=\"\" \/><\/a>\n\t\t\t\t<\/dt><\/dl><br style=\"clear: both\" \/><dl class='gallery-item'>\n\t\t\t\t<dt class='gallery-icon landscape'>\n\t\t\t\t\t<a class=\"rollover rollover-zoom dt-pswp-item\" title=\"1992. Juniorzy przed sezonem 92-93 z trenerem F. Rypin\u0105 i kierownikiem E. Guzem.\" data-dt-img-description=\"\" data-large_image_width=\"1200\" data-large_image_height=\"675\"href='https:\/\/www.mosir-ketrzyn.pl\/wp-content\/uploads\/2020\/06\/1992.-Juniorzy-przed-sezonem-92-93-z-trenerem-F.-Rypina-i-kierownikiem-E.-Guzem.jpg'><img loading=\"lazy\" decoding=\"async\" width=\"150\" height=\"150\" src=\"https:\/\/www.mosir-ketrzyn.pl\/wp-content\/uploads\/2020\/06\/1992.-Juniorzy-przed-sezonem-92-93-z-trenerem-F.-Rypina-i-kierownikiem-E.-Guzem-150x150.jpg\" class=\"attachment-thumbnail size-thumbnail\" alt=\"\" \/><\/a>\n\t\t\t\t<\/dt><\/dl><dl class='gallery-item'>\n\t\t\t\t<dt class='gallery-icon landscape'>\n\t\t\t\t\t<a class=\"rollover rollover-zoom dt-pswp-item\" title=\"1992. Juniorzy z B. Dolewskim - mistrzowie okr\u0119gu 91-92.\" data-dt-img-description=\"\" data-large_image_width=\"1200\" data-large_image_height=\"688\"href='https:\/\/www.mosir-ketrzyn.pl\/wp-content\/uploads\/2020\/06\/1992.-Juniorzy-z-B.-Dolewskim-mistrzowie-okregu-91-92.jpg'><img loading=\"lazy\" decoding=\"async\" width=\"150\" height=\"150\" src=\"https:\/\/www.mosir-ketrzyn.pl\/wp-content\/uploads\/2020\/06\/1992.-Juniorzy-z-B.-Dolewskim-mistrzowie-okregu-91-92-150x150.jpg\" class=\"attachment-thumbnail size-thumbnail\" alt=\"\" \/><\/a>\n\t\t\t\t<\/dt><\/dl><dl class='gallery-item'>\n\t\t\t\t<dt class='gallery-icon landscape'>\n\t\t\t\t\t<a class=\"rollover rollover-zoom dt-pswp-item\" title=\"1992. \u017baki z trenerem Eugeniuszem Michalukiem - mistrzowie okregu.\" data-dt-img-description=\"\" data-large_image_width=\"1200\" data-large_image_height=\"834\"href='https:\/\/www.mosir-ketrzyn.pl\/wp-content\/uploads\/2020\/06\/1992.-Zaki-z-trenerem-Eugeniuszem-Michalukiem-mistrzowie-okregu.jpg'><img loading=\"lazy\" decoding=\"async\" width=\"150\" height=\"150\" src=\"https:\/\/www.mosir-ketrzyn.pl\/wp-content\/uploads\/2020\/06\/1992.-Zaki-z-trenerem-Eugeniuszem-Michalukiem-mistrzowie-okregu-150x150.jpg\" class=\"attachment-thumbnail size-thumbnail\" alt=\"\" \/><\/a>\n\t\t\t\t<\/dt><\/dl><br style=\"clear: both\" \/><dl class='gallery-item'>\n\t\t\t\t<dt class='gallery-icon landscape'>\n\t\t\t\t\t<a class=\"rollover rollover-zoom dt-pswp-item\" title=\"1993. Mistrzowska dru\u017cyna m\u0142odzik\u00f3w z trenerem E. Michalukiem.\" data-dt-img-description=\"\" data-large_image_width=\"1200\" data-large_image_height=\"838\"href='https:\/\/www.mosir-ketrzyn.pl\/wp-content\/uploads\/2020\/06\/1993.-Mistrzowska-druzyna-mlodzikow-z-trenerem-E.-Michalukiem.jpg'><img loading=\"lazy\" decoding=\"async\" width=\"150\" height=\"150\" src=\"https:\/\/www.mosir-ketrzyn.pl\/wp-content\/uploads\/2020\/06\/1993.-Mistrzowska-druzyna-mlodzikow-z-trenerem-E.-Michalukiem-150x150.jpg\" class=\"attachment-thumbnail size-thumbnail\" alt=\"\" \/><\/a>\n\t\t\t\t<\/dt><\/dl><dl class='gallery-item'>\n\t\t\t\t<dt class='gallery-icon landscape'>\n\t\t\t\t\t<a class=\"rollover rollover-zoom dt-pswp-item\" title=\"1995. M\u0142odzicy ( r. 80-81) z trenerem Z. Wtulichem\" data-dt-img-description=\"\" data-large_image_width=\"1200\" data-large_image_height=\"682\"href='https:\/\/www.mosir-ketrzyn.pl\/wp-content\/uploads\/2020\/06\/1995.-Mlodzicy-r.-80-81-z-trenerem-Z.-Wtulichem.jpg'><img loading=\"lazy\" decoding=\"async\" width=\"150\" height=\"150\" src=\"https:\/\/www.mosir-ketrzyn.pl\/wp-content\/uploads\/2020\/06\/1995.-Mlodzicy-r.-80-81-z-trenerem-Z.-Wtulichem-150x150.jpg\" class=\"attachment-thumbnail size-thumbnail\" alt=\"\" \/><\/a>\n\t\t\t\t<\/dt><\/dl><dl class='gallery-item'>\n\t\t\t\t<dt class='gallery-icon landscape'>\n\t\t\t\t\t<a class=\"rollover rollover-zoom dt-pswp-item\" title=\"1996. Dru\u017cyna trampkarzy przed nowym sezonem.\" data-dt-img-description=\"\" data-large_image_width=\"1200\" data-large_image_height=\"826\"href='https:\/\/www.mosir-ketrzyn.pl\/wp-content\/uploads\/2020\/06\/1996.-Druzyna-trampkarzy-przed-nowym-sezonem.jpg'><img loading=\"lazy\" decoding=\"async\" width=\"150\" height=\"150\" src=\"https:\/\/www.mosir-ketrzyn.pl\/wp-content\/uploads\/2020\/06\/1996.-Druzyna-trampkarzy-przed-nowym-sezonem-150x150.jpg\" class=\"attachment-thumbnail size-thumbnail\" alt=\"\" \/><\/a>\n\t\t\t\t<\/dt><\/dl><br style=\"clear: both\" \/><dl class='gallery-item'>\n\t\t\t\t<dt class='gallery-icon landscape'>\n\t\t\t\t\t<a class=\"rollover rollover-zoom dt-pswp-item\" title=\"1997. Trampkarze z Grzegorzem Lechem - wicemistrzowie okr\u0119gu.\" data-dt-img-description=\"\" data-large_image_width=\"1200\" data-large_image_height=\"823\"href='https:\/\/www.mosir-ketrzyn.pl\/wp-content\/uploads\/2020\/06\/1997.-Trampkarze-z-Grzegorzem-Lechem-wicemistrzowie-okregu.jpg'><img loading=\"lazy\" decoding=\"async\" width=\"150\" height=\"150\" src=\"https:\/\/www.mosir-ketrzyn.pl\/wp-content\/uploads\/2020\/06\/1997.-Trampkarze-z-Grzegorzem-Lechem-wicemistrzowie-okregu-150x150.jpg\" class=\"attachment-thumbnail size-thumbnail\" alt=\"\" \/><\/a>\n\t\t\t\t<\/dt><\/dl><dl class='gallery-item'>\n\t\t\t\t<dt class='gallery-icon landscape'>\n\t\t\t\t\t<a class=\"rollover rollover-zoom dt-pswp-item\" title=\"1999. Wicemistrzowscy juniorzy r. 1980 i m\u0142odsi.\" data-dt-img-description=\"\" data-large_image_width=\"1200\" data-large_image_height=\"675\"href='https:\/\/www.mosir-ketrzyn.pl\/wp-content\/uploads\/2020\/06\/1999.-Wicemistrzowscy-juniorzy-r.-1980-i-mlodsi.jpg'><img loading=\"lazy\" decoding=\"async\" width=\"150\" height=\"150\" src=\"https:\/\/www.mosir-ketrzyn.pl\/wp-content\/uploads\/2020\/06\/1999.-Wicemistrzowscy-juniorzy-r.-1980-i-mlodsi-150x150.jpg\" class=\"attachment-thumbnail size-thumbnail\" alt=\"\" \/><\/a>\n\t\t\t\t<\/dt><\/dl><dl class='gallery-item'>\n\t\t\t\t<dt class='gallery-icon landscape'>\n\t\t\t\t\t<a class=\"rollover rollover-zoom dt-pswp-item\" title=\"2000. Juniorzy - ostatni mistrzowie okr\u0119gu z sezonu 1999-2000\" data-dt-img-description=\"\" data-large_image_width=\"1200\" data-large_image_height=\"825\"href='https:\/\/www.mosir-ketrzyn.pl\/wp-content\/uploads\/2020\/06\/2000.-Juniorzy-ostatni-mistrzowie-okregu-z-sezonu-1999-2000.jpg'><img loading=\"lazy\" decoding=\"async\" width=\"150\" height=\"150\" src=\"https:\/\/www.mosir-ketrzyn.pl\/wp-content\/uploads\/2020\/06\/2000.-Juniorzy-ostatni-mistrzowie-okregu-z-sezonu-1999-2000-150x150.jpg\" class=\"attachment-thumbnail size-thumbnail\" alt=\"\" \/><\/a>\n\t\t\t\t<\/dt><\/dl><br style=\"clear: both\" \/><dl class='gallery-item'>\n\t\t\t\t<dt class='gallery-icon landscape'>\n\t\t\t\t\t<a class=\"rollover rollover-zoom dt-pswp-item\" title=\"2000. Juniorzy w sezonie 2000-2001.\" data-dt-img-description=\"\" data-large_image_width=\"1200\" data-large_image_height=\"685\"href='https:\/\/www.mosir-ketrzyn.pl\/wp-content\/uploads\/2020\/06\/2000.-Juniorzy-w-sezonie-2000-2001.jpg'><img loading=\"lazy\" decoding=\"async\" width=\"150\" height=\"150\" src=\"https:\/\/www.mosir-ketrzyn.pl\/wp-content\/uploads\/2020\/06\/2000.-Juniorzy-w-sezonie-2000-2001-150x150.jpg\" class=\"attachment-thumbnail size-thumbnail\" alt=\"\" \/><\/a>\n\t\t\t\t<\/dt><\/dl><dl class='gallery-item'>\n\t\t\t\t<dt class='gallery-icon landscape'>\n\t\t\t\t\t<a class=\"rollover rollover-zoom dt-pswp-item\" title=\"2000. \u017baki Granicy przed wiosennym meczem III ligi z Pogoni\u0105 L\u0119bork.\" data-dt-img-description=\"\" data-large_image_width=\"1200\" data-large_image_height=\"675\"href='https:\/\/www.mosir-ketrzyn.pl\/wp-content\/uploads\/2020\/06\/2000.-Zaki-Granicy-przed-wiosennym-meczem-III-ligi-z-Pogonia-Lebork.jpg'><img loading=\"lazy\" decoding=\"async\" width=\"150\" height=\"150\" src=\"https:\/\/www.mosir-ketrzyn.pl\/wp-content\/uploads\/2020\/06\/2000.-Zaki-Granicy-przed-wiosennym-meczem-III-ligi-z-Pogonia-Lebork-150x150.jpg\" class=\"attachment-thumbnail size-thumbnail\" alt=\"\" \/><\/a>\n\t\t\t\t<\/dt><\/dl><dl class='gallery-item'>\n\t\t\t\t<dt class='gallery-icon landscape'>\n\t\t\t\t\t<a class=\"rollover rollover-zoom dt-pswp-item\" title=\"2001. Dru\u017cyna m\u0142odzik\u00f3w przed rund\u0105 wiosenn\u0105.\" data-dt-img-description=\"\" data-large_image_width=\"1200\" data-large_image_height=\"675\"href='https:\/\/www.mosir-ketrzyn.pl\/wp-content\/uploads\/2020\/06\/2001.-Druzyna-mlodzikow-przed-runda-wiosenna.jpg'><img loading=\"lazy\" decoding=\"async\" width=\"150\" height=\"150\" src=\"https:\/\/www.mosir-ketrzyn.pl\/wp-content\/uploads\/2020\/06\/2001.-Druzyna-mlodzikow-przed-runda-wiosenna-150x150.jpg\" class=\"attachment-thumbnail size-thumbnail\" alt=\"\" \/><\/a>\n\t\t\t\t<\/dt><\/dl><br style=\"clear: both\" \/><dl class='gallery-item'>\n\t\t\t\t<dt class='gallery-icon landscape'>\n\t\t\t\t\t<a class=\"rollover rollover-zoom dt-pswp-item\" title=\"2001. Dru\u017cyna \u017cak\u00f3w trenera Piotra Witkowskiego.\" data-dt-img-description=\"\" data-large_image_width=\"1200\" data-large_image_height=\"675\"href='https:\/\/www.mosir-ketrzyn.pl\/wp-content\/uploads\/2020\/06\/2001.-Druzyna-zakow-trenera-Piotra-Witkowskiego.jpg'><img loading=\"lazy\" decoding=\"async\" width=\"150\" height=\"150\" src=\"https:\/\/www.mosir-ketrzyn.pl\/wp-content\/uploads\/2020\/06\/2001.-Druzyna-zakow-trenera-Piotra-Witkowskiego-150x150.jpg\" class=\"attachment-thumbnail size-thumbnail\" alt=\"\" \/><\/a>\n\t\t\t\t<\/dt><\/dl><dl class='gallery-item'>\n\t\t\t\t<dt class='gallery-icon landscape'>\n\t\t\t\t\t<a class=\"rollover rollover-zoom dt-pswp-item\" title=\"2001. Juniorzy w sezonie 2001-2002\" data-dt-img-description=\"\" data-large_image_width=\"1200\" data-large_image_height=\"675\"href='https:\/\/www.mosir-ketrzyn.pl\/wp-content\/uploads\/2020\/06\/2001.-Juniorzy-w-sezonie-2001-2002.jpg'><img loading=\"lazy\" decoding=\"async\" width=\"150\" height=\"150\" src=\"https:\/\/www.mosir-ketrzyn.pl\/wp-content\/uploads\/2020\/06\/2001.-Juniorzy-w-sezonie-2001-2002-150x150.jpg\" class=\"attachment-thumbnail size-thumbnail\" alt=\"\" \/><\/a>\n\t\t\t\t<\/dt><\/dl><dl class='gallery-item'>\n\t\t\t\t<dt class='gallery-icon landscape'>\n\t\t\t\t\t<a class=\"rollover rollover-zoom dt-pswp-item\" title=\"2002. Dru\u017cyna trampkarzy z trenerem Wies\u0142awem Sopy\u0142a.\" data-dt-img-description=\"\" data-large_image_width=\"1200\" data-large_image_height=\"675\"href='https:\/\/www.mosir-ketrzyn.pl\/wp-content\/uploads\/2020\/06\/2002.-Druzyna-trampkarzy-z-trenerem-Wieslawem-Sopyla.jpg'><img loading=\"lazy\" decoding=\"async\" width=\"150\" height=\"150\" src=\"https:\/\/www.mosir-ketrzyn.pl\/wp-content\/uploads\/2020\/06\/2002.-Druzyna-trampkarzy-z-trenerem-Wieslawem-Sopyla-150x150.jpg\" class=\"attachment-thumbnail size-thumbnail\" alt=\"\" \/><\/a>\n\t\t\t\t<\/dt><\/dl><br style=\"clear: both\" \/><dl class='gallery-item'>\n\t\t\t\t<dt class='gallery-icon landscape'>\n\t\t\t\t\t<a class=\"rollover rollover-zoom dt-pswp-item\" title=\"2002. Zesp\u00f3\u0142 junior\u00f3w m\u0142odszych trenara Romana Danisiewicza.\" data-dt-img-description=\"\" data-large_image_width=\"1200\" data-large_image_height=\"841\"href='https:\/\/www.mosir-ketrzyn.pl\/wp-content\/uploads\/2020\/06\/2002.-Zespol-juniorow-mlodszych-trenara-Romana-Danisiewicza.jpg'><img loading=\"lazy\" decoding=\"async\" width=\"150\" height=\"150\" src=\"https:\/\/www.mosir-ketrzyn.pl\/wp-content\/uploads\/2020\/06\/2002.-Zespol-juniorow-mlodszych-trenara-Romana-Danisiewicza-150x150.jpg\" class=\"attachment-thumbnail size-thumbnail\" alt=\"\" \/><\/a>\n\t\t\t\t<\/dt><\/dl><dl class='gallery-item'>\n\t\t\t\t<dt class='gallery-icon landscape'>\n\t\t\t\t\t<a class=\"rollover rollover-zoom dt-pswp-item\" title=\"2003. Dru\u017cyna trampkarzy z trenerem Piotrem Witkowskim.\" data-dt-img-description=\"\" data-large_image_width=\"1200\" data-large_image_height=\"675\"href='https:\/\/www.mosir-ketrzyn.pl\/wp-content\/uploads\/2020\/06\/2003.-Druzyna-trampkarzy-z-trenerem-Piotrem-Witkowskim.jpg'><img loading=\"lazy\" decoding=\"async\" width=\"150\" height=\"150\" src=\"https:\/\/www.mosir-ketrzyn.pl\/wp-content\/uploads\/2020\/06\/2003.-Druzyna-trampkarzy-z-trenerem-Piotrem-Witkowskim-150x150.jpg\" class=\"attachment-thumbnail size-thumbnail\" alt=\"\" \/><\/a>\n\t\t\t\t<\/dt><\/dl><dl class='gallery-item'>\n\t\t\t\t<dt class='gallery-icon landscape'>\n\t\t\t\t\t<a class=\"rollover rollover-zoom dt-pswp-item\" title=\"2003. I Mi\u0119dzynarodowy Turniej M\u0142odzik\u00f3w w K\u0119trzynie.\" data-dt-img-description=\"\" data-large_image_width=\"1200\" data-large_image_height=\"675\"href='https:\/\/www.mosir-ketrzyn.pl\/wp-content\/uploads\/2020\/06\/2003.-I-Miedzynarodowy-Turniej-Mlodzikow-w-Ketrzynie.jpg'><img loading=\"lazy\" decoding=\"async\" width=\"150\" height=\"150\" src=\"https:\/\/www.mosir-ketrzyn.pl\/wp-content\/uploads\/2020\/06\/2003.-I-Miedzynarodowy-Turniej-Mlodzikow-w-Ketrzynie-150x150.jpg\" class=\"attachment-thumbnail size-thumbnail\" alt=\"\" \/><\/a>\n\t\t\t\t<\/dt><\/dl><br style=\"clear: both\" \/><dl class='gallery-item'>\n\t\t\t\t<dt class='gallery-icon landscape'>\n\t\t\t\t\t<a class=\"rollover rollover-zoom dt-pswp-item\" title=\"2005. III Mi\u0119dzynarodowy Turniej M\u0142odzik\u00f3w w K\u0119trzynie. Z trenerem Micha\u0142em \u017by\u017cykiem.\" data-dt-img-description=\"\" data-large_image_width=\"1200\" data-large_image_height=\"750\"href='https:\/\/www.mosir-ketrzyn.pl\/wp-content\/uploads\/2020\/06\/2005.-III-Miedzynarodowy-Turniej-Mlodzikow-w-Ketrzynie.-Z-trenerem-Michalem-Zyzykiem.jpg'><img loading=\"lazy\" decoding=\"async\" width=\"150\" height=\"150\" src=\"https:\/\/www.mosir-ketrzyn.pl\/wp-content\/uploads\/2020\/06\/2005.-III-Miedzynarodowy-Turniej-Mlodzikow-w-Ketrzynie.-Z-trenerem-Michalem-Zyzykiem-150x150.jpg\" class=\"attachment-thumbnail size-thumbnail\" alt=\"\" \/><\/a>\n\t\t\t\t<\/dt><\/dl><dl class='gallery-item'>\n\t\t\t\t<dt class='gallery-icon landscape'>\n\t\t\t\t\t<a class=\"rollover rollover-zoom dt-pswp-item\" title=\"2005. Z Piotrem Lechem\" data-dt-img-description=\"\" data-large_image_width=\"1200\" data-large_image_height=\"700\"href='https:\/\/www.mosir-ketrzyn.pl\/wp-content\/uploads\/2020\/06\/2005.-Z-Piotrem-Lechem.jpg'><img loading=\"lazy\" decoding=\"async\" width=\"150\" height=\"150\" src=\"https:\/\/www.mosir-ketrzyn.pl\/wp-content\/uploads\/2020\/06\/2005.-Z-Piotrem-Lechem-150x150.jpg\" class=\"attachment-thumbnail size-thumbnail\" alt=\"\" \/><\/a>\n\t\t\t\t<\/dt><\/dl><dl class='gallery-item'>\n\t\t\t\t<dt class='gallery-icon portrait'>\n\t\t\t\t\t<a class=\"rollover rollover-zoom dt-pswp-item\" title=\"2005. \u017baki trenera Andrzeja K\u0142osowskiego.\" data-dt-img-description=\"\" data-large_image_width=\"877\" data-large_image_height=\"1200\"href='https:\/\/www.mosir-ketrzyn.pl\/wp-content\/uploads\/2020\/06\/2005.-Zaki-trenera-Andrzeja-Klosowskiego.jpg'><img loading=\"lazy\" decoding=\"async\" width=\"150\" height=\"150\" src=\"https:\/\/www.mosir-ketrzyn.pl\/wp-content\/uploads\/2020\/06\/2005.-Zaki-trenera-Andrzeja-Klosowskiego-150x150.jpg\" class=\"attachment-thumbnail size-thumbnail\" alt=\"\" \/><\/a>\n\t\t\t\t<\/dt><\/dl><br style=\"clear: both\" \/><dl class='gallery-item'>\n\t\t\t\t<dt class='gallery-icon landscape'>\n\t\t\t\t\t<a class=\"rollover rollover-zoom dt-pswp-item\" title=\"2006.IV Mi\u0119dzynarodowy Turniej M\u0142odzik\u00f3w. Zesp\u00f3\u0142 Granicy z trenerami A. Narwojszem i M. \u017by\u017cykiem.\" data-dt-img-description=\"\" data-large_image_width=\"1200\" data-large_image_height=\"788\"href='https:\/\/www.mosir-ketrzyn.pl\/wp-content\/uploads\/2020\/06\/2006.IV-Miedzynarodowy-Turniej-Mlodzikow.-Zespol-Granicy-z-trenerami-A.-Narwojszem-i-M.-Zyzykiem.jpg'><img loading=\"lazy\" decoding=\"async\" width=\"150\" height=\"150\" src=\"https:\/\/www.mosir-ketrzyn.pl\/wp-content\/uploads\/2020\/06\/2006.IV-Miedzynarodowy-Turniej-Mlodzikow.-Zespol-Granicy-z-trenerami-A.-Narwojszem-i-M.-Zyzykiem-150x150.jpg\" class=\"attachment-thumbnail size-thumbnail\" alt=\"\" \/><\/a>\n\t\t\t\t<\/dt><\/dl><dl class='gallery-item'>\n\t\t\t\t<dt class='gallery-icon landscape'>\n\t\t\t\t\t<a class=\"rollover rollover-zoom dt-pswp-item\" title=\"2008. Dru\u017cyna junior\u00f3w przed wycofaniem z rozgrywek w rundzie wiosennej.\" data-dt-img-description=\"\" data-large_image_width=\"1200\" data-large_image_height=\"798\"href='https:\/\/www.mosir-ketrzyn.pl\/wp-content\/uploads\/2020\/06\/2008.-Druzyna-juniorow-przed-wycofaniem-z-rozgrywek-w-rundzie-wiosennej.jpeg'><img loading=\"lazy\" decoding=\"async\" width=\"150\" height=\"150\" src=\"https:\/\/www.mosir-ketrzyn.pl\/wp-content\/uploads\/2020\/06\/2008.-Druzyna-juniorow-przed-wycofaniem-z-rozgrywek-w-rundzie-wiosennej-150x150.jpeg\" class=\"attachment-thumbnail size-thumbnail\" alt=\"\" \/><\/a>\n\t\t\t\t<\/dt><\/dl><dl class='gallery-item'>\n\t\t\t\t<dt class='gallery-icon landscape'>\n\t\t\t\t\t<a class=\"rollover rollover-zoom dt-pswp-item\" title=\"2008. \u017baki Granicy halowymi mistrzami wojew\u00f3dztwa.\" data-dt-img-description=\"\" data-large_image_width=\"1200\" data-large_image_height=\"860\"href='https:\/\/www.mosir-ketrzyn.pl\/wp-content\/uploads\/2020\/06\/2008.-Zaki-Granicy-halowymi-mistrzami-wojewodztwa.jpg'><img loading=\"lazy\" decoding=\"async\" width=\"150\" height=\"150\" src=\"https:\/\/www.mosir-ketrzyn.pl\/wp-content\/uploads\/2020\/06\/2008.-Zaki-Granicy-halowymi-mistrzami-wojewodztwa-150x150.jpg\" class=\"attachment-thumbnail size-thumbnail\" alt=\"\" \/><\/a>\n\t\t\t\t<\/dt><\/dl><br style=\"clear: both\" \/><dl class='gallery-item'>\n\t\t\t\t<dt class='gallery-icon landscape'>\n\t\t\t\t\t<a class=\"rollover rollover-zoom dt-pswp-item\" title=\"2009. Trampkarze Granicy na turnieju Z\u0142ote Lwy Gda\u0144skie.\" data-dt-img-description=\"\" data-large_image_width=\"1200\" data-large_image_height=\"797\"href='https:\/\/www.mosir-ketrzyn.pl\/wp-content\/uploads\/2020\/06\/2009.-Trampkarze-Granicy-na-turnieju-Zlote-Lwy-Gdanskie.jpg'><img loading=\"lazy\" decoding=\"async\" width=\"150\" height=\"150\" src=\"https:\/\/www.mosir-ketrzyn.pl\/wp-content\/uploads\/2020\/06\/2009.-Trampkarze-Granicy-na-turnieju-Zlote-Lwy-Gdanskie-150x150.jpg\" class=\"attachment-thumbnail size-thumbnail\" alt=\"\" \/><\/a>\n\t\t\t\t<\/dt><\/dl><dl class='gallery-item'>\n\t\t\t\t<dt class='gallery-icon landscape'>\n\t\t\t\t\t<a class=\"rollover rollover-zoom dt-pswp-item\" title=\"2009. Zesp\u00f3\u0142 m\u0142odzik\u00f3w z trenerem Markiem Bazylukiem\" data-dt-img-description=\"\" data-large_image_width=\"1200\" data-large_image_height=\"833\"href='https:\/\/www.mosir-ketrzyn.pl\/wp-content\/uploads\/2020\/06\/2009.-Zespol-mlodzikow-z-trenerem-Markiem-Bazylukiem.jpg'><img loading=\"lazy\" decoding=\"async\" width=\"150\" height=\"150\" src=\"https:\/\/www.mosir-ketrzyn.pl\/wp-content\/uploads\/2020\/06\/2009.-Zespol-mlodzikow-z-trenerem-Markiem-Bazylukiem-150x150.jpg\" class=\"attachment-thumbnail size-thumbnail\" alt=\"\" \/><\/a>\n\t\t\t\t<\/dt><\/dl><dl class='gallery-item'>\n\t\t\t\t<dt class='gallery-icon landscape'>\n\t\t\t\t\t<a class=\"rollover rollover-zoom dt-pswp-item\" title=\"2013. Juniorzy m\u0142odsi - mocna ekipa Piotra Sopy\u0142y.\" data-dt-img-description=\"\" data-large_image_width=\"1200\" data-large_image_height=\"675\"href='https:\/\/www.mosir-ketrzyn.pl\/wp-content\/uploads\/2020\/06\/2013.-Juniorzy-mlodsi-mocna-ekipa-Piotra-Sopyly.jpg'><img loading=\"lazy\" decoding=\"async\" width=\"150\" height=\"150\" src=\"https:\/\/www.mosir-ketrzyn.pl\/wp-content\/uploads\/2020\/06\/2013.-Juniorzy-mlodsi-mocna-ekipa-Piotra-Sopyly-150x150.jpg\" class=\"attachment-thumbnail size-thumbnail\" alt=\"\" \/><\/a>\n\t\t\t\t<\/dt><\/dl><br style=\"clear: both\" \/><dl class='gallery-item'>\n\t\t\t\t<dt class='gallery-icon landscape'>\n\t\t\t\t\t<a class=\"rollover rollover-zoom dt-pswp-item\" title=\"2016.Juniorzy Piotra Sopy\u0142y z awansem do I ligi wojew\u00f3dzkiej.\" data-dt-img-description=\"\" data-large_image_width=\"1200\" data-large_image_height=\"800\"href='https:\/\/www.mosir-ketrzyn.pl\/wp-content\/uploads\/2020\/06\/2016.Juniorzy-Piotra-Sopyly-z-awansem-do-I-ligi-wojewodzkiej.jpg'><img loading=\"lazy\" decoding=\"async\" width=\"150\" height=\"150\" src=\"https:\/\/www.mosir-ketrzyn.pl\/wp-content\/uploads\/2020\/06\/2016.Juniorzy-Piotra-Sopyly-z-awansem-do-I-ligi-wojewodzkiej-150x150.jpg\" class=\"attachment-thumbnail size-thumbnail\" alt=\"\" \/><\/a>\n\t\t\t\t<\/dt><\/dl><dl class='gallery-item'>\n\t\t\t\t<dt class='gallery-icon landscape'>\n\t\t\t\t\t<a class=\"rollover rollover-zoom dt-pswp-item\" title=\"2018. Juniorzy Michala \u017by\u017cyka z awnasem do I ligi wojew\u00f3dzkiej.\" data-dt-img-description=\"\" data-large_image_width=\"1200\" data-large_image_height=\"705\"href='https:\/\/www.mosir-ketrzyn.pl\/wp-content\/uploads\/2020\/06\/2018.-Juniorzy-Michala-Zyzyka-z-awnasem-do-I-ligi-wojewodzkiej.jpg'><img loading=\"lazy\" decoding=\"async\" width=\"150\" height=\"150\" src=\"https:\/\/www.mosir-ketrzyn.pl\/wp-content\/uploads\/2020\/06\/2018.-Juniorzy-Michala-Zyzyka-z-awnasem-do-I-ligi-wojewodzkiej-150x150.jpg\" class=\"attachment-thumbnail size-thumbnail\" alt=\"\" \/><\/a>\n\t\t\t\t<\/dt><\/dl><dl class='gallery-item'>\n\t\t\t\t<dt class='gallery-icon landscape'>\n\t\t\t\t\t<a class=\"rollover rollover-zoom dt-pswp-item\" title=\"2019. Trampkarze z awansem do ekstraklasy wojew\u00f3dzkiej\" data-dt-img-description=\"\" data-large_image_width=\"1200\" data-large_image_height=\"803\"href='https:\/\/www.mosir-ketrzyn.pl\/wp-content\/uploads\/2020\/06\/2019.-Trampkarze-z-awansem-do-ekstraklasy-wojewodzkiej.jpg'><img loading=\"lazy\" decoding=\"async\" width=\"150\" height=\"150\" src=\"https:\/\/www.mosir-ketrzyn.pl\/wp-content\/uploads\/2020\/06\/2019.-Trampkarze-z-awansem-do-ekstraklasy-wojewodzkiej-150x150.jpg\" class=\"attachment-thumbnail size-thumbnail\" alt=\"\" \/><\/a>\n\t\t\t\t<\/dt><\/dl><br style=\"clear: both\" \/>\n\t\t\t<\/div>\n\n","protected":false},"excerpt":{"rendered":"<p>Sekcje sportowe klubu \u2013 pi\u0142ka no\u017cna (rozgrywki dzieci\u0119ce i m\u0142odzie\u017cowe) Ze szczytu pi\u0142karskiej piramidy, jakim s\u0105 zespo\u0142y seniorskie, czas przej\u015b\u0107 do jej podstaw, czyli dzieci i m\u0142odzie\u017cy. Tak naprawd\u0119, to one stanowi\u0105 podstaw\u0119 funkcjonowania klubu, a wieloletni cykl szkolenia ma w efekcie \u201edostarczy\u0107\u201d zawodnika do dru\u017cyny senior\u00f3w. Tak naprawd\u0119 trudno jest jednoznacznie stwierdzi\u0107, kiedy i&hellip;<\/p>\n","protected":false},"author":2,"featured_media":25762,"comment_status":"closed","ping_status":"closed","sticky":false,"template":"","format":"standard","meta":{"inline_featured_image":false,"ngg_post_thumbnail":0,"footnotes":""},"categories":[46],"tags":[],"class_list":["post-25723","post","type-post","status-publish","format-standard","has-post-thumbnail","hentry","category-historia-ketrzynskiego-sportu","category-46","description-off"],"jetpack_featured_media_url":"https:\/\/www.mosir-ketrzyn.pl\/wp-content\/uploads\/2020\/06\/2019.-Trampkarze-z-awansem-do-ekstraklasy-wojewodzkiej.jpg","_links":{"self":[{"href":"https:\/\/www.mosir-ketrzyn.pl\/index.php\/wp-json\/wp\/v2\/posts\/25723","targetHints":{"allow":["GET"]}}],"collection":[{"href":"https:\/\/www.mosir-ketrzyn.pl\/index.php\/wp-json\/wp\/v2\/posts"}],"about":[{"href":"https:\/\/www.mosir-ketrzyn.pl\/index.php\/wp-json\/wp\/v2\/types\/post"}],"author":[{"embeddable":true,"href":"https:\/\/www.mosir-ketrzyn.pl\/index.php\/wp-json\/wp\/v2\/users\/2"}],"replies":[{"embeddable":true,"href":"https:\/\/www.mosir-ketrzyn.pl\/index.php\/wp-json\/wp\/v2\/comments?post=25723"}],"version-history":[{"count":4,"href":"https:\/\/www.mosir-ketrzyn.pl\/index.php\/wp-json\/wp\/v2\/posts\/25723\/revisions"}],"predecessor-version":[{"id":28517,"href":"https:\/\/www.mosir-ketrzyn.pl\/index.php\/wp-json\/wp\/v2\/posts\/25723\/revisions\/28517"}],"wp:featuredmedia":[{"embeddable":true,"href":"https:\/\/www.mosir-ketrzyn.pl\/index.php\/wp-json\/wp\/v2\/media\/25762"}],"wp:attachment":[{"href":"https:\/\/www.mosir-ketrzyn.pl\/index.php\/wp-json\/wp\/v2\/media?parent=25723"}],"wp:term":[{"taxonomy":"category","embeddable":true,"href":"https:\/\/www.mosir-ketrzyn.pl\/index.php\/wp-json\/wp\/v2\/categories?post=25723"},{"taxonomy":"post_tag","embeddable":true,"href":"https:\/\/www.mosir-ketrzyn.pl\/index.php\/wp-json\/wp\/v2\/tags?post=25723"}],"curies":[{"name":"wp","href":"https:\/\/api.w.org\/{rel}","templated":true}]}}