{"id":28478,"date":"2023-01-19T14:16:31","date_gmt":"2023-01-19T13:16:31","guid":{"rendered":"http:\/\/mosir-ketrzyn.pl\/?p=28478"},"modified":"2023-10-27T07:34:59","modified_gmt":"2023-10-27T05:34:59","slug":"historia-ketrzynskiego-tenisa-ziemnego","status":"publish","type":"post","link":"https:\/\/www.mosir-ketrzyn.pl\/index.php\/2023\/01\/19\/historia-ketrzynskiego-tenisa-ziemnego\/","title":{"rendered":"Historia k\u0119trzy\u0144skiego tenisa ziemnego"},"content":{"rendered":"<p>1971\u00a0&#8211; Renowacja cz\u0119\u015bci kort\u00f3w &#8211; dwa pozosta\u0142e jako boisko do pi\u0142ki r\u0119cznej.<br \/>\n1973 &#8211; Pierwsi gracze g\u0142\u00f3wnie dzieciaki z ul. M.C. Sk\u0142odowskiej: S\u0142awomir Ka\u017carnowicz, Miros\u0142aw Krzy\u015bk\u00f3w, Andrzej Ka\u017carnowicz, Krzysztof Gorzela\u0144czyk, Andrzej Atroszko, Teresa Markiewicz, Wies\u0142aw Markiewicz, Wies\u0142awa Nikiel, Ewa Gunia, Roman W\u0142odejszo.<br \/>\n1974\u00a0&#8211; odzyskanie miejsca po pi\u0142ce r\u0119cznej obiekt w ca\u0142o\u015bci liczy cztery korty<br \/>\nZawodnicy: Krzysztof Sobieszczyk, W\u0142adys\u0142aw Woronko, Les\u0142aw Markiewicz, Janusz Wo\u0142odko, Zbyszek Sikora, Darek Durzy\u0144ski, Juliusz Atroszko, Krzysztof Marcinkowski,<br \/>\n1974\u00a0&#8211; Pierwsze po wojnie Mistrzostwa K\u0119trzyna w kategorii Senior\u00f3w i m\u0142odzie\u017cy do lat 15.<\/p>\n<div id=\"attachment_28482\" style=\"width: 660px\" class=\"wp-caption aligncenter\"><img loading=\"lazy\" decoding=\"async\" aria-describedby=\"caption-attachment-28482\" class=\"wp-image-28482 size-full\" src=\"http:\/\/mosir-ketrzyn.pl\/wp-content\/uploads\/2023\/01\/HISTORIA-KETRZYNSKIEGO-TENISA-ZIEMNEGO-01.jpg\" alt=\"Mistrzostwa K\u0119trzyna w tenisie, 1974 \" width=\"650\" height=\"451\" srcset=\"https:\/\/www.mosir-ketrzyn.pl\/wp-content\/uploads\/2023\/01\/HISTORIA-KETRZYNSKIEGO-TENISA-ZIEMNEGO-01.jpg 650w, https:\/\/www.mosir-ketrzyn.pl\/wp-content\/uploads\/2023\/01\/HISTORIA-KETRZYNSKIEGO-TENISA-ZIEMNEGO-01-300x208.jpg 300w\" sizes=\"auto, (max-width: 650px) 100vw, 650px\" \/><p id=\"caption-attachment-28482\" class=\"wp-caption-text\">Mistrzostwa K\u0119trzyna, 1974 r. Od g\u00f3ry strona lewa: Krzysztof Sobieszczyk, W\u0142odzimierz Woronko, Andrzej Ka\u017carnowicz, Les\u0142aw Markiewicz, Jan Tymczuk (trener) Janusz Wo\u0142odko, Krzysztof Marcinkowski, Darek (-) Od do\u0142u od lewej: Krzysztof Gorzela\u0144czyk, Zbyszek Sikora, Darek Durzy\u0144ski, S\u0142awek Ka\u017carnowicz, Miros\u0142aw Krzy\u015bk\u00f3w, Juliusz Atroszko, Wies\u0142aw Markiewicz, Andrzej Atroszko.<\/p><\/div>\n<p>1975\u00a0&#8211; Przyst\u0105pienie Ogniska TKKF &#8222;Pionier&#8221; w K\u0119trzynie do Polskiego Zwi\u0105zku Tenisowego.<br \/>\nDochodz\u0105 kolejni zawodnicy: Grzegorz Prokop, Krzysztof Tomaszewski, Rados\u0142aw Powro\u017anik,<br \/>\nCentralna Spartakiada M\u0142odzie\u017cy w Bia\u0142ymstoku udzia\u0142: S\u0142awomira Ka\u017carnowicza<br \/>\n1975\u00a0&#8211; I Mistrzostwa Wojew\u00f3dztwa Olszty\u0144skiego w tenisie.<\/p>\n<div id=\"attachment_28481\" style=\"width: 660px\" class=\"wp-caption aligncenter\"><img loading=\"lazy\" decoding=\"async\" aria-describedby=\"caption-attachment-28481\" class=\"wp-image-28481 size-full\" src=\"http:\/\/mosir-ketrzyn.pl\/wp-content\/uploads\/2023\/01\/HISTORIA-KETRZYNSKIEGO-TENISA-ZIEMNEGO-02.jpg\" alt=\"HISTORIA K\u0118TRZY\u0143SKIEGO TENISA ZIEMNEGO 02\" width=\"650\" height=\"389\" srcset=\"https:\/\/www.mosir-ketrzyn.pl\/wp-content\/uploads\/2023\/01\/HISTORIA-KETRZYNSKIEGO-TENISA-ZIEMNEGO-02.jpg 650w, https:\/\/www.mosir-ketrzyn.pl\/wp-content\/uploads\/2023\/01\/HISTORIA-KETRZYNSKIEGO-TENISA-ZIEMNEGO-02-300x180.jpg 300w\" sizes=\"auto, (max-width: 650px) 100vw, 650px\" \/><p id=\"caption-attachment-28481\" class=\"wp-caption-text\">1975 r., I Mistrzostwa Wojew\u00f3dztwa Olszty\u0144skiego w tenisie<\/p><\/div>\n<p>1976\u00a0&#8211; Powstaje Klub &#8222;Farel&#8221; K\u0119trzyn &#8211; wyremontowano korty, w sumie pi\u0119\u0107 sztuk i postawiono dwa drewniane domki, kt\u00f3re mia\u0142y charakter szatni.<br \/>\n1977\u00a0&#8211; 5-6 marzec I Halowe Mistrzostwa Wojew\u00f3dztwa Olszty\u0144skiego<br \/>\n1977\u00a0&#8211; Powstaje przy klubie przyzak\u0142adowa sekcja tenisa.<br \/>\nZawodnicy: W\u0142adys\u0142aw Kuriata, Eugeniusz Donat, Stanis\u0142aw Wainberger, Marek Szarejko, Edward Sutor, Zbigniew Grze\u015bkowiak, Roman Grze\u015bkowiak, Kazimierz Zapolski.<br \/>\n1977\u00a0&#8211; Ludwik Bogdanowicz- opiekun sekcji, Zawodnicy: Bartosz Powro\u017anik, Tomasz Kurczewski, Jarek Dziemia\u0144czyk, Krzysztof Szuszczykiewicz, Bogdan i Ryszard Karpicz, Jarek Chatowski, Robert Budnicki, Jarek Nikiel, Jarek Bogdanowicz, Leszek Kesicki, Krzysztof Bogdanowicz.<br \/>\n1990\u00a0&#8211;\u00a02000\u00a0&#8211; Zawodnicy: Iwona Darowska, Karolina Zi\u0119ba, Bartosz Kierwiak, Micha\u0142 Atroszko, Tomek Sieniakowski, Marcin Gierasimiuk, Micha\u0142 Bielak, Daniel Darowski, Maciej Kierwiak, Roman Kierwiak, Bogdan Mi\u0142adowski. Adam Syh\u0142owyj, Mariusz Donat, Irek Atroszko.<br \/>\n2001\u00a0&#8211;\u00a02003\u00a0&#8211; K\u0119trzy\u0144ski Klub Tenisowy prezes &#8211; Rados\u0142aw Jacek Powro\u017anik<br \/>\n2003\u00a0&#8211;\u00a02006\u00a0&#8211; K\u0119trzy\u0144ski Klub Tenisowy prezes &#8211; Andrzej Atroszko<br \/>\nMistrzostwo wojew\u00f3dztwa do lat 10 Irek Atroszko<\/p>\n<div id=\"attachment_28480\" style=\"width: 660px\" class=\"wp-caption aligncenter\"><img loading=\"lazy\" decoding=\"async\" aria-describedby=\"caption-attachment-28480\" class=\"size-full wp-image-28480\" src=\"http:\/\/mosir-ketrzyn.pl\/wp-content\/uploads\/2023\/01\/HISTORIA-KETRZYNSKIEGO-TENISA-ZIEMNEGO-03.jpg\" alt=\"2006 r., Ostatni Turniej o Puchar Prezesa Philipsa na starym obiekcie\" width=\"650\" height=\"488\" srcset=\"https:\/\/www.mosir-ketrzyn.pl\/wp-content\/uploads\/2023\/01\/HISTORIA-KETRZYNSKIEGO-TENISA-ZIEMNEGO-03.jpg 650w, https:\/\/www.mosir-ketrzyn.pl\/wp-content\/uploads\/2023\/01\/HISTORIA-KETRZYNSKIEGO-TENISA-ZIEMNEGO-03-300x225.jpg 300w\" sizes=\"auto, (max-width: 650px) 100vw, 650px\" \/><p id=\"caption-attachment-28480\" class=\"wp-caption-text\">2006 r., Ostatni Turniej o Puchar Prezesa Philipsa na starym obiekcie<\/p><\/div>\n<p>2006\u00a0&#8211;\u00a02008\u00a0&#8211; Przebudowa obiektu sportowo-rekreacyjnego<br \/>\n2008\u00a0&#8211; Oddano do u\u017cytku nowy kompleks sportowo-rekreacyjny &#8222;K\u0119trzynianka&#8221; dwa korty otwarte, dwa pod plandek\u0105.<br \/>\n2008\u00a0&#8211;\u00a02010\u00a0&#8211; Akademia Tenisa MOSiR K\u0119trzyn<br \/>\nZawodnicy: Anna Bielak, Agata Peter, Julian Lewandowski, Karolina Popowska, Jagoda Kurgon, Dominika Go\u017adziewska, Arkadiusz Zaj\u0105czkowski, Tadeusz Mieczys\u0142aw Baraniecki, Jakub Duczmalewski, Marek Kudraj.<\/p>\n<div id=\"attachment_28479\" style=\"width: 660px\" class=\"wp-caption aligncenter\"><img loading=\"lazy\" decoding=\"async\" aria-describedby=\"caption-attachment-28479\" class=\"size-full wp-image-28479\" src=\"http:\/\/mosir-ketrzyn.pl\/wp-content\/uploads\/2023\/01\/HISTORIA-KETRZYNSKIEGO-TENISA-ZIEMNEGO-04.jpg\" alt=\"2008 r., I Turniej dla Dzieci i M\u0142odzie\u017cy pod now\u0105 plandek\u0105\" width=\"650\" height=\"488\" srcset=\"https:\/\/www.mosir-ketrzyn.pl\/wp-content\/uploads\/2023\/01\/HISTORIA-KETRZYNSKIEGO-TENISA-ZIEMNEGO-04.jpg 650w, https:\/\/www.mosir-ketrzyn.pl\/wp-content\/uploads\/2023\/01\/HISTORIA-KETRZYNSKIEGO-TENISA-ZIEMNEGO-04-300x225.jpg 300w\" sizes=\"auto, (max-width: 650px) 100vw, 650px\" \/><p id=\"caption-attachment-28479\" class=\"wp-caption-text\">2008 r., I Turniej dla Dzieci i M\u0142odzie\u017cy pod now\u0105 plandek\u0105<\/p><\/div>\n<p>2014\u00a0&#8211;\u00a02016\u00a0UKS &#8222;K\u0119trzynianka&#8221;<br \/>\nZawodnicy dzieci i m\u0142odzie\u017c: Mateusz Bembas, Szymon Kajat, \u0141ucja Rypina, Milena Ma\u0142y\u017c, Marek Malicki, Hubert Kajat, Bartosz Syh\u0142owyj, Paulina Horbaj, Dominika Syh\u0142owyj, Julia Syh\u0142owyj,<br \/>\n2010\u00a0&#8211;\u00a02018\u00a0sekcja tenisa przy MKS MOSiR K\u0119trzyn (trener M. Krzy\u015bk\u00f3w).<br \/>\nZawodnicy dzieci i m\u0142odzie\u017c: Weronika Janczewska, Julia Lewkowicz, Gabriela Grabias, Przemek \u0141obodzi\u0144ski, Paulina Butrym, Aleksandra Ciesielska, Oliwia Klimowicz, Ma\u0142gorzata Taras, Oliwia Le\u015bniak, Anna Moczarska, Izabela Teodorowicz, Milena Donat, Patryk Butrym, Maja Kliszewicz, Mateusz Andzulewicz, Kacper Andzulewicz, Hubert Andzulewicz, Aleksandra Nowakowska, Lena Chocie\u0142owska, Wojtek Che\u0142stowski, Szymon Andzulewicz, Hubert Chocie\u0142owski, Pawe\u0142 Grabias, Bartosz Podbielski, Hubert Groch, Wiktoria Dudzik, Zuzanna Go\u015bciniak, Jan \u015awi\u0119to\u0144, Adrian Jarmuszewicz, Gaja Czepu\u0142kowska, Olaf Czepu\u0142kowski, Oliwia \u017buk, Nikodem Boruch<br \/>\nZawodnicy panie: Renata Che\u0142stowska, Ola Kowalska, Klaudia Ogrodowczyk, Marta Sienkiewicz, Karolina Glinka,<br \/>\n2019\u00a0&#8211;\u00a02022<br \/>\nZawodnicy dzieci i m\u0142odzie\u017c: Patryk Butrym, Maksymilian Szajkowski (2021), Antoni Kuriata ( 2020), Szymon Pabin (2022),<br \/>\nZawodnicy panie: Ewa Sznurkowska, El\u017cbieta Szajkowska.<\/p>\n<p>Trenerzy:<br \/>\n1971 &#8211; 1977 &#8211; Jan Tymczuk<br \/>\n1977 &#8211; 1981 &#8211; Robert Iwaszko<br \/>\n1977 &#8211; 1981 &#8211; Wojciech Kowalewicz<br \/>\n1981 &#8211; 1984 &#8211; Krzysztof Tomaszewski<br \/>\n1985 &#8211; 1990 &#8211; S\u0142awomir Ka\u017carnowicz<br \/>\n1995 &#8211; 2000 &#8211; Robert Budzy\u0144ski, Robert Peszke<br \/>\n2001 &#8211; 2003 &#8211; Rados\u0142aw Jacek Powro\u017anik<br \/>\n2003 &#8211; 2006 &#8211; Andrzej Atroszko, S\u0142awomir Ka\u017carnowicz<br \/>\n2008 &#8211; 2010 &#8211; Bogdan Bielak<br \/>\n2010 &#8211; 2012 &#8211; Tomasz Warowny<br \/>\n2008 &#8211; 2022 &#8211; Miros\u0142aw Krzy\u015bk\u00f3w<\/p>\n","protected":false},"excerpt":{"rendered":"<p>1971\u00a0&#8211; Renowacja cz\u0119\u015bci kort\u00f3w &#8211; dwa pozosta\u0142e jako boisko do pi\u0142ki r\u0119cznej. 1973 &#8211; Pierwsi gracze g\u0142\u00f3wnie dzieciaki z ul. M.C. Sk\u0142odowskiej: S\u0142awomir Ka\u017carnowicz, Miros\u0142aw Krzy\u015bk\u00f3w, Andrzej Ka\u017carnowicz, Krzysztof Gorzela\u0144czyk, Andrzej Atroszko, Teresa Markiewicz, Wies\u0142aw Markiewicz, Wies\u0142awa Nikiel, Ewa Gunia, Roman W\u0142odejszo. 1974\u00a0&#8211; odzyskanie miejsca po pi\u0142ce r\u0119cznej obiekt w ca\u0142o\u015bci liczy cztery korty Zawodnicy:&hellip;<\/p>\n","protected":false},"author":2,"featured_media":28482,"comment_status":"closed","ping_status":"closed","sticky":false,"template":"","format":"standard","meta":{"inline_featured_image":false,"ngg_post_thumbnail":0,"footnotes":""},"categories":[46],"tags":[],"class_list":["post-28478","post","type-post","status-publish","format-standard","has-post-thumbnail","hentry","category-historia-ketrzynskiego-sportu","category-46","description-off"],"jetpack_featured_media_url":"https:\/\/www.mosir-ketrzyn.pl\/wp-content\/uploads\/2023\/01\/HISTORIA-KETRZYNSKIEGO-TENISA-ZIEMNEGO-01.jpg","_links":{"self":[{"href":"https:\/\/www.mosir-ketrzyn.pl\/index.php\/wp-json\/wp\/v2\/posts\/28478","targetHints":{"allow":["GET"]}}],"collection":[{"href":"https:\/\/www.mosir-ketrzyn.pl\/index.php\/wp-json\/wp\/v2\/posts"}],"about":[{"href":"https:\/\/www.mosir-ketrzyn.pl\/index.php\/wp-json\/wp\/v2\/types\/post"}],"author":[{"embeddable":true,"href":"https:\/\/www.mosir-ketrzyn.pl\/index.php\/wp-json\/wp\/v2\/users\/2"}],"replies":[{"embeddable":true,"href":"https:\/\/www.mosir-ketrzyn.pl\/index.php\/wp-json\/wp\/v2\/comments?post=28478"}],"version-history":[{"count":2,"href":"https:\/\/www.mosir-ketrzyn.pl\/index.php\/wp-json\/wp\/v2\/posts\/28478\/revisions"}],"predecessor-version":[{"id":28502,"href":"https:\/\/www.mosir-ketrzyn.pl\/index.php\/wp-json\/wp\/v2\/posts\/28478\/revisions\/28502"}],"wp:featuredmedia":[{"embeddable":true,"href":"https:\/\/www.mosir-ketrzyn.pl\/index.php\/wp-json\/wp\/v2\/media\/28482"}],"wp:attachment":[{"href":"https:\/\/www.mosir-ketrzyn.pl\/index.php\/wp-json\/wp\/v2\/media?parent=28478"}],"wp:term":[{"taxonomy":"category","embeddable":true,"href":"https:\/\/www.mosir-ketrzyn.pl\/index.php\/wp-json\/wp\/v2\/categories?post=28478"},{"taxonomy":"post_tag","embeddable":true,"href":"https:\/\/www.mosir-ketrzyn.pl\/index.php\/wp-json\/wp\/v2\/tags?post=28478"}],"curies":[{"name":"wp","href":"https:\/\/api.w.org\/{rel}","templated":true}]}}