{"id":29164,"date":"2023-09-22T12:05:32","date_gmt":"2023-09-22T10:05:32","guid":{"rendered":"https:\/\/www.mosir-ketrzyn.pl\/?p=29164"},"modified":"2023-09-28T12:18:25","modified_gmt":"2023-09-28T10:18:25","slug":"uefa-u15-2023","status":"publish","type":"post","link":"https:\/\/www.mosir-ketrzyn.pl\/index.php\/2023\/09\/22\/uefa-u15-2023\/","title":{"rendered":"K\u0119trzyn ponownie wsp\u00f3\u0142gospodarzem turnieju pi\u0142ki no\u017cnej UEFA"},"content":{"rendered":"\n<p><strong>Od 2 do 7 pa\u017adziernika na stadionach w K\u0119trzynie i Biskupcu odb\u0119dzie si\u0119 turniej UEFA U15 Development 2023. Na boiskach rywalizowa\u0107 b\u0119d\u0105 reprezentacje: Polski, Hiszpanii, Islandii i Walii. W ramach turnieju rozegranych zostanie sze\u015b\u0107 mecz\u00f3w.<\/strong><\/p>\n\n\n\n<p><strong>WEJ\u015aCI\u00d3WKI<\/strong><\/p>\n\n\n\n<p>Wst\u0119p na wszystkie spotkania jest bezp\u0142atny, wymagane jest jednak posiadanie bezp\u0142atnej wej\u015bci\u00f3wki (limit 99 miejsc na ka\u017cdy mecz). Odbi\u00f3r wej\u015bci\u00f3wek na mecze w K\u0119trzynie b\u0119dzie mo\u017cliwy od \u015brody, 27 wrze\u015bnia w nast\u0119puj\u0105cych lokalizacjach:<\/p>\n\n\n\n<ul class=\"wp-block-list\">\n<li>Punkt Informacji Turystycznej, Plac Marsza\u0142ka J\u00f3zefa Pi\u0142sudskiego 10\/1, poniedzia\u0142ek-pi\u0105tek w godz. 8:00-16:00<\/li>\n\n\n\n<li>Kompleks Rekreacyjno-Sportowy \u201eK\u0119trzynianka\u201d, ul. Szpitalna 1 (biuro MOSiR \u2013 wej\u015bcie od strony ul. Sportowej), poniedzia\u0142ek-pi\u0105tek w godz. 7:00-15:00<\/li>\n\n\n\n<li>Stadion Miejski, u. Bydgoska 20, poniedzia\u0142ek-pi\u0105tek w godz. 7:00-15:00<\/li>\n<\/ul>\n\n\n\n<p>Osob\u0105 odpowiedzialn\u0105 za dystrybucj\u0119 bilet\u00f3w jest Krystian Kosik &#8211; tel. 797 512 331. Kluby, szko\u0142y lub klasy zainteresowane grupowym wej\u015bciem mecz prosimy o przes\u0142anie wiadomo\u015bci na adres: <a href=\"mailto:biuro@mosir-ketrzyn.pl\">biuro@mosir-ketrzyn.pl<\/a>.<\/p>\n\n\n\n<p><strong>TERMINARZ ROZGRYWEK:<\/strong><\/p>\n\n\n\n<p><strong>2.10.2023 (poniedzia\u0142ek)<br><\/strong>Polska \u2013 Walia, godz. 11:00 \u2013 K\u0119trzyn<br>Islandia \u2013 Hiszpania, godz. 14:00 \u2013 Biskupiec<br><strong>4.10.2023 (\u015broda)<br><\/strong>Hiszpania \u2013 Walia, godz. 11:00 \u2013 Biskupiec<br>Polska \u2013 Islandia, godz. 14:00 \u2013 K\u0119trzyn<br><strong>7.10.2023 (sobota)<br><\/strong>Hiszpania v Polska, godz. 10:00 \u2013 Biskupiec<br>Walia \u2013 Islandia, godz. 10:00 \u2013 K\u0119trzyn<\/p>\n\n\n\n<p>Wsp\u00f3\u0142organizatorami turnieju UEFA U15 Development 2023 s\u0105: Centrum Kultury, Turystyki i Sportu w Biskupcu, BKS T\u0119cza Biskupiec, Miejski O\u015brodek Sportu i Rekreacji w K\u0119trzynie oraz Granica K\u0119trzyn.<\/p>\n","protected":false},"excerpt":{"rendered":"<p>Od 2 do 7 pa\u017adziernika na stadionach w K\u0119trzynie i Biskupcu odb\u0119dzie si\u0119 turniej UEFA U15 Development 2023. Na boiskach rywalizowa\u0107 b\u0119d\u0105 reprezentacje: Polski, Hiszpanii, Islandii i Walii. W ramach turnieju rozegranych zostanie sze\u015b\u0107 mecz\u00f3w. WEJ\u015aCI\u00d3WKI Wst\u0119p na wszystkie spotkania jest bezp\u0142atny, wymagane jest jednak posiadanie bezp\u0142atnej wej\u015bci\u00f3wki (limit 99 miejsc na ka\u017cdy mecz). Odbi\u00f3r&hellip;<\/p>\n","protected":false},"author":2,"featured_media":29165,"comment_status":"closed","ping_status":"closed","sticky":false,"template":"","format":"standard","meta":{"inline_featured_image":false,"ngg_post_thumbnail":0,"footnotes":""},"categories":[49],"tags":[],"class_list":["post-29164","post","type-post","status-publish","format-standard","has-post-thumbnail","hentry","category-pilka-nozna","category-49","description-off"],"jetpack_featured_media_url":"https:\/\/www.mosir-ketrzyn.pl\/wp-content\/uploads\/2023\/09\/381071774_684272017083910_6594378870605881663_n.jpg","_links":{"self":[{"href":"https:\/\/www.mosir-ketrzyn.pl\/index.php\/wp-json\/wp\/v2\/posts\/29164","targetHints":{"allow":["GET"]}}],"collection":[{"href":"https:\/\/www.mosir-ketrzyn.pl\/index.php\/wp-json\/wp\/v2\/posts"}],"about":[{"href":"https:\/\/www.mosir-ketrzyn.pl\/index.php\/wp-json\/wp\/v2\/types\/post"}],"author":[{"embeddable":true,"href":"https:\/\/www.mosir-ketrzyn.pl\/index.php\/wp-json\/wp\/v2\/users\/2"}],"replies":[{"embeddable":true,"href":"https:\/\/www.mosir-ketrzyn.pl\/index.php\/wp-json\/wp\/v2\/comments?post=29164"}],"version-history":[{"count":4,"href":"https:\/\/www.mosir-ketrzyn.pl\/index.php\/wp-json\/wp\/v2\/posts\/29164\/revisions"}],"predecessor-version":[{"id":29277,"href":"https:\/\/www.mosir-ketrzyn.pl\/index.php\/wp-json\/wp\/v2\/posts\/29164\/revisions\/29277"}],"wp:featuredmedia":[{"embeddable":true,"href":"https:\/\/www.mosir-ketrzyn.pl\/index.php\/wp-json\/wp\/v2\/media\/29165"}],"wp:attachment":[{"href":"https:\/\/www.mosir-ketrzyn.pl\/index.php\/wp-json\/wp\/v2\/media?parent=29164"}],"wp:term":[{"taxonomy":"category","embeddable":true,"href":"https:\/\/www.mosir-ketrzyn.pl\/index.php\/wp-json\/wp\/v2\/categories?post=29164"},{"taxonomy":"post_tag","embeddable":true,"href":"https:\/\/www.mosir-ketrzyn.pl\/index.php\/wp-json\/wp\/v2\/tags?post=29164"}],"curies":[{"name":"wp","href":"https:\/\/api.w.org\/{rel}","templated":true}]}}