{"id":30717,"date":"2023-11-20T14:24:19","date_gmt":"2023-11-20T13:24:19","guid":{"rendered":"https:\/\/www.mosir-ketrzyn.pl\/?p=30717"},"modified":"2023-11-20T14:24:35","modified_gmt":"2023-11-20T13:24:35","slug":"krystian-kosik-wicemistrzem-polski","status":"publish","type":"post","link":"https:\/\/www.mosir-ketrzyn.pl\/index.php\/2023\/11\/20\/krystian-kosik-wicemistrzem-polski\/","title":{"rendered":"Krystian Kosik wicemistrzem Polski"},"content":{"rendered":"<div class=\"wpb-content-wrapper\"><p>[vc_row][vc_column][vc_column_text]<strong>Ogromny sukces Krystiana Kosik podczas Mistrzostw Polski Amator\u00f3w w Pool Bilard 8-Bil. Nasz kolega, menad\u017cer sportu w Miejskim O\u015brodku Sportu i Rekreacji w K\u0119trzynie wywalczy\u0142 tytu\u0142 wicemistrza.<\/strong><\/p>\n<p>Mistrzostwa odby\u0142y si\u0119 w minionym tygodniu w \u0141odzi. To najwa\u017cniejsze wydarzenie dla bilardzist\u00f3w-amator\u00f3w w ca\u0142ym roku. Potwierdza to frekwencja, w turnieju wzi\u0119\u0142o udzia\u0142 320 zawodnik\u00f3w. Wicemistrz rozegra\u0142 \u0142\u0105cznie 14 pojedynk\u00f3w. W finale stoczy\u0142 zaci\u0119t\u0105 walk\u0119, kt\u00f3ra zako\u0144czy\u0142a si\u0119 ostatecznie wynikiem 4:5 na korzy\u015b\u0107 Igora Lubi\u0144skiego z Bydgoszczy.<\/p>\n<p>W mistrzostwach wzi\u0119\u0142o udzia\u0142 r\u00f3wnie\u017c dw\u00f3ch innych k\u0119trzynian. 33. miejsce zaj\u0105\u0142 Adrian Filipiak, a 65. Micha\u0142 Pop\u0142awski.<\/p>\n<p>Krystian w ramach zada\u0144 wykonywanych w Miejskim O\u015brodku Sportu i Rekreacji w K\u0119trzynie m.in. prowadzi zaj\u0119cia gry w bilard. Podczas spotka\u0144 odbywaj\u0105cych si\u0119 w Ba\u0142tyckim Centrum Bilardowym dzieli si\u0119 swoj\u0105 fachow\u0105 wiedz\u0105 i umiej\u0119tno\u015bciami z dzie\u0107mi i m\u0142odzie\u017c\u0105 z K\u0119trzyna.<\/p>\n<p><em>Fot. Polski Zwi\u0105zek Bilardowy<\/em>[\/vc_column_text][\/vc_column][\/vc_row]<\/p>\n<\/div>","protected":false},"excerpt":{"rendered":"<p>[vc_row][vc_column][vc_column_text]Ogromny sukces Krystiana Kosik podczas Mistrzostw Polski Amator\u00f3w w Pool Bilard 8-Bil. Nasz kolega, menad\u017cer sportu w Miejskim O\u015brodku Sportu i Rekreacji w K\u0119trzynie wywalczy\u0142 tytu\u0142 wicemistrza. Mistrzostwa odby\u0142y si\u0119 w minionym tygodniu w \u0141odzi. To najwa\u017cniejsze wydarzenie dla bilardzist\u00f3w-amator\u00f3w w ca\u0142ym roku. Potwierdza to frekwencja, w turnieju wzi\u0119\u0142o udzia\u0142 320 zawodnik\u00f3w. Wicemistrz rozegra\u0142 \u0142\u0105cznie&hellip;<\/p>\n","protected":false},"author":2,"featured_media":30718,"comment_status":"closed","ping_status":"closed","sticky":false,"template":"","format":"standard","meta":{"inline_featured_image":false,"ngg_post_thumbnail":0,"footnotes":""},"categories":[52],"tags":[],"class_list":["post-30717","post","type-post","status-publish","format-standard","has-post-thumbnail","hentry","category-bilard","category-52","description-off"],"jetpack_featured_media_url":"https:\/\/www.mosir-ketrzyn.pl\/wp-content\/uploads\/2023\/11\/402652079_800401801889499_2038537615598239071_n.jpg","_links":{"self":[{"href":"https:\/\/www.mosir-ketrzyn.pl\/index.php\/wp-json\/wp\/v2\/posts\/30717","targetHints":{"allow":["GET"]}}],"collection":[{"href":"https:\/\/www.mosir-ketrzyn.pl\/index.php\/wp-json\/wp\/v2\/posts"}],"about":[{"href":"https:\/\/www.mosir-ketrzyn.pl\/index.php\/wp-json\/wp\/v2\/types\/post"}],"author":[{"embeddable":true,"href":"https:\/\/www.mosir-ketrzyn.pl\/index.php\/wp-json\/wp\/v2\/users\/2"}],"replies":[{"embeddable":true,"href":"https:\/\/www.mosir-ketrzyn.pl\/index.php\/wp-json\/wp\/v2\/comments?post=30717"}],"version-history":[{"count":1,"href":"https:\/\/www.mosir-ketrzyn.pl\/index.php\/wp-json\/wp\/v2\/posts\/30717\/revisions"}],"predecessor-version":[{"id":30719,"href":"https:\/\/www.mosir-ketrzyn.pl\/index.php\/wp-json\/wp\/v2\/posts\/30717\/revisions\/30719"}],"wp:featuredmedia":[{"embeddable":true,"href":"https:\/\/www.mosir-ketrzyn.pl\/index.php\/wp-json\/wp\/v2\/media\/30718"}],"wp:attachment":[{"href":"https:\/\/www.mosir-ketrzyn.pl\/index.php\/wp-json\/wp\/v2\/media?parent=30717"}],"wp:term":[{"taxonomy":"category","embeddable":true,"href":"https:\/\/www.mosir-ketrzyn.pl\/index.php\/wp-json\/wp\/v2\/categories?post=30717"},{"taxonomy":"post_tag","embeddable":true,"href":"https:\/\/www.mosir-ketrzyn.pl\/index.php\/wp-json\/wp\/v2\/tags?post=30717"}],"curies":[{"name":"wp","href":"https:\/\/api.w.org\/{rel}","templated":true}]}}