{"id":34048,"date":"2024-05-28T08:29:53","date_gmt":"2024-05-28T06:29:53","guid":{"rendered":"https:\/\/www.mosir-ketrzyn.pl\/?p=34048"},"modified":"2024-05-28T08:29:54","modified_gmt":"2024-05-28T06:29:54","slug":"otwieramy-sezon-kapielowy-na-ketrzyniance","status":"publish","type":"post","link":"https:\/\/www.mosir-ketrzyn.pl\/index.php\/2024\/05\/28\/otwieramy-sezon-kapielowy-na-ketrzyniance\/","title":{"rendered":"Otwieramy sezon k\u0105pielowy na &#8222;K\u0119trzyniance&#8221;"},"content":{"rendered":"\n<p><strong>\u015awietna wiadomo\u015b\u0107 dla wszystkich mi\u0142o\u015bnik\u00f3w p\u0142ywania i amator\u00f3w wodnych zabaw. Wychodz\u0105c naprzeciw Pa\u0144stwa oczekiwaniom, w tym roku sezon k\u0105pielowy na \u201eK\u0119trzyniance\u201d zainaugurujemy ju\u017c 1 czerwca.<\/strong><\/p>\n\n\n\n<p>Zapraszamy w najbli\u017csz\u0105 sobot\u0119. W dniu otwarcia wst\u0119p wolny \u2013 nie tylko dla najm\u0142odszych, kt\u00f3rzy b\u0119d\u0105 w\u00f3wczas obchodzi\u0107 swoje \u015bwi\u0119to, ale dla ka\u017cdego pasjonata wodnych przyg\u00f3d.<\/p>\n\n\n\n<p>Baseny na terenie Kompleksu Rekreacyjno-Sportowego \u201eK\u0119trzynianka\u201d od 1 czerwca b\u0119d\u0105 otwarte codziennie w godzinach od 10:00 do 20:00.<\/p>\n\n\n\n<figure class=\"wp-block-image size-full\"><img loading=\"lazy\" decoding=\"async\" width=\"1654\" height=\"2339\" src=\"https:\/\/www.mosir-ketrzyn.pl\/wp-content\/uploads\/2024\/05\/2024-05-14-Basen-otwarcie.jpg\" alt=\"\" class=\"wp-image-34050\" srcset=\"https:\/\/www.mosir-ketrzyn.pl\/wp-content\/uploads\/2024\/05\/2024-05-14-Basen-otwarcie.jpg 1654w, https:\/\/www.mosir-ketrzyn.pl\/wp-content\/uploads\/2024\/05\/2024-05-14-Basen-otwarcie-212x300.jpg 212w, https:\/\/www.mosir-ketrzyn.pl\/wp-content\/uploads\/2024\/05\/2024-05-14-Basen-otwarcie-724x1024.jpg 724w, https:\/\/www.mosir-ketrzyn.pl\/wp-content\/uploads\/2024\/05\/2024-05-14-Basen-otwarcie-768x1086.jpg 768w, https:\/\/www.mosir-ketrzyn.pl\/wp-content\/uploads\/2024\/05\/2024-05-14-Basen-otwarcie-1086x1536.jpg 1086w, https:\/\/www.mosir-ketrzyn.pl\/wp-content\/uploads\/2024\/05\/2024-05-14-Basen-otwarcie-1448x2048.jpg 1448w\" sizes=\"auto, (max-width: 1654px) 100vw, 1654px\" \/><\/figure>\n","protected":false},"excerpt":{"rendered":"<p>\u015awietna wiadomo\u015b\u0107 dla wszystkich mi\u0142o\u015bnik\u00f3w p\u0142ywania i amator\u00f3w wodnych zabaw. Wychodz\u0105c naprzeciw Pa\u0144stwa oczekiwaniom, w tym roku sezon k\u0105pielowy na \u201eK\u0119trzyniance\u201d zainaugurujemy ju\u017c 1 czerwca. Zapraszamy w najbli\u017csz\u0105 sobot\u0119. W dniu otwarcia wst\u0119p wolny \u2013 nie tylko dla najm\u0142odszych, kt\u00f3rzy b\u0119d\u0105 w\u00f3wczas obchodzi\u0107 swoje \u015bwi\u0119to, ale dla ka\u017cdego pasjonata wodnych przyg\u00f3d. Baseny na terenie Kompleksu&hellip;<\/p>\n","protected":false},"author":2,"featured_media":34049,"comment_status":"closed","ping_status":"closed","sticky":false,"template":"","format":"standard","meta":{"inline_featured_image":false,"ngg_post_thumbnail":0,"footnotes":""},"categories":[1],"tags":[],"class_list":["post-34048","post","type-post","status-publish","format-standard","has-post-thumbnail","hentry","category-aktualnosci","category-1","description-off"],"jetpack_featured_media_url":"https:\/\/www.mosir-ketrzyn.pl\/wp-content\/uploads\/2024\/05\/DSC06202.jpg","_links":{"self":[{"href":"https:\/\/www.mosir-ketrzyn.pl\/index.php\/wp-json\/wp\/v2\/posts\/34048","targetHints":{"allow":["GET"]}}],"collection":[{"href":"https:\/\/www.mosir-ketrzyn.pl\/index.php\/wp-json\/wp\/v2\/posts"}],"about":[{"href":"https:\/\/www.mosir-ketrzyn.pl\/index.php\/wp-json\/wp\/v2\/types\/post"}],"author":[{"embeddable":true,"href":"https:\/\/www.mosir-ketrzyn.pl\/index.php\/wp-json\/wp\/v2\/users\/2"}],"replies":[{"embeddable":true,"href":"https:\/\/www.mosir-ketrzyn.pl\/index.php\/wp-json\/wp\/v2\/comments?post=34048"}],"version-history":[{"count":1,"href":"https:\/\/www.mosir-ketrzyn.pl\/index.php\/wp-json\/wp\/v2\/posts\/34048\/revisions"}],"predecessor-version":[{"id":34051,"href":"https:\/\/www.mosir-ketrzyn.pl\/index.php\/wp-json\/wp\/v2\/posts\/34048\/revisions\/34051"}],"wp:featuredmedia":[{"embeddable":true,"href":"https:\/\/www.mosir-ketrzyn.pl\/index.php\/wp-json\/wp\/v2\/media\/34049"}],"wp:attachment":[{"href":"https:\/\/www.mosir-ketrzyn.pl\/index.php\/wp-json\/wp\/v2\/media?parent=34048"}],"wp:term":[{"taxonomy":"category","embeddable":true,"href":"https:\/\/www.mosir-ketrzyn.pl\/index.php\/wp-json\/wp\/v2\/categories?post=34048"},{"taxonomy":"post_tag","embeddable":true,"href":"https:\/\/www.mosir-ketrzyn.pl\/index.php\/wp-json\/wp\/v2\/tags?post=34048"}],"curies":[{"name":"wp","href":"https:\/\/api.w.org\/{rel}","templated":true}]}}