{"id":37948,"date":"2025-09-05T10:52:56","date_gmt":"2025-09-05T08:52:56","guid":{"rendered":"https:\/\/www.mosir-ketrzyn.pl\/?p=37948"},"modified":"2025-09-11T14:52:00","modified_gmt":"2025-09-11T12:52:00","slug":"zawody-lekkoatletyczne-sztafet-mieszanych-goketrzyn","status":"publish","type":"post","link":"https:\/\/www.mosir-ketrzyn.pl\/index.php\/2025\/09\/05\/zawody-lekkoatletyczne-sztafet-mieszanych-goketrzyn\/","title":{"rendered":"Zawody lekkoatletyczne Sztafet Mieszanych Go!K\u0119trzyn"},"content":{"rendered":"<div class=\"wpb-content-wrapper\"><p>[vc_row][vc_column][vc_column_text css=&#8221;&#8221;]<\/p>\n<div class=\"xdj266r x14z9mp xat24cr x1lziwak x1vvkbs x126k92a\">\n<div dir=\"auto\">14 wrze\u015bnia Polki i Polacy chwyc\u0105 za sportowe buty, wskocz\u0105 do basen\u00f3w i stan\u0105 na matach treningowych, by wsp\u00f3lnie \u015bwi\u0119towa\u0107 aktywno\u015b\u0107 i zdrowy styl \u017cycia. To ju\u017c 13. ods\u0142ona Narodowego Dnia Sportu, kt\u00f3ry swoim zasi\u0119giem obejmie wszystkie zak\u0105tki Polski \u2013 od nadmorskiej Rumii po podkarpacki Sanok, od stolicy po najmniejsze miejscowo\u015bci. Narodowy Dzie\u0144 Sportu ju\u017c 14 wrze\u015bnia w ca\u0142ej Polsce!<\/div>\n<\/div>\n<div class=\"x14z9mp xat24cr x1lziwak x1vvkbs xtlvy1s x126k92a\">\n<div dir=\"auto\">W ramach Narodowego Dnia Sportu 15 wrze\u015bnia 2025 roku o godz. 10.00 na stadionie miejskim w K\u0119trzynie odb\u0119d\u0105 si\u0119 zawody lekkoatletyczne Sztafet Mieszanych Go! K\u0119trzyn Szk\u00f3\u0142 Podstawowych klas IV-VIII. Sztafeta sk\u0142ada\u0107 si\u0119 b\u0119dzie z 5 dziewczynek i 5 ch\u0142opc\u00f3w, a ka\u017cdy uczestnik przebiegnie 200 metr\u00f3w. Udzia\u0142 w zawodach wezm\u0105 k\u0119trzy\u0144skie szko\u0142y podstawowe. Zapraszamy do kibicowania.<\/div>\n<\/div>\n<div class=\"x14z9mp xat24cr x1lziwak x1vvkbs xtlvy1s x126k92a\">\n<div dir=\"auto\">Zach\u0119camy r\u00f3wnie\u017c do sprawdzenia oferty w ca\u0142ym wojew\u00f3dztwie Warmi\u0144sko-Mazurskim -&gt; wydarzenia 2025 &#8211; Narodowy Dzie\u0144 Sportu<\/div>\n<\/div>\n<div class=\"x14z9mp xat24cr x1lziwak x1vvkbs xtlvy1s x126k92a\">\n<div dir=\"auto\">Wydarzenia s\u0105 bezp\u0142atne i dost\u0119pne dla ka\u017cdego! Projekt jest wsp\u00f3\u0142finansowany przez Ministerstwo Sportu i Turystyki.<\/div>\n<\/div>\n\n<p>&nbsp;<\/p>\n<p>[\/vc_column_text][\/vc_column][\/vc_row]<\/p>\n<!-- \/wp:post-content --><\/div>","protected":false},"excerpt":{"rendered":"<p>[vc_row][vc_column][vc_column_text css=&#8221;&#8221;] 14 wrze\u015bnia Polki i Polacy chwyc\u0105 za sportowe buty, wskocz\u0105 do basen\u00f3w i stan\u0105 na matach treningowych, by wsp\u00f3lnie \u015bwi\u0119towa\u0107 aktywno\u015b\u0107 i zdrowy styl \u017cycia. To ju\u017c 13. ods\u0142ona Narodowego Dnia Sportu, kt\u00f3ry swoim zasi\u0119giem obejmie wszystkie zak\u0105tki Polski \u2013 od nadmorskiej Rumii po podkarpacki Sanok, od stolicy po najmniejsze miejscowo\u015bci. Narodowy Dzie\u0144&hellip;<\/p>\n","protected":false},"author":2,"featured_media":37945,"comment_status":"closed","ping_status":"closed","sticky":false,"template":"","format":"standard","meta":{"inline_featured_image":false,"ngg_post_thumbnail":0,"footnotes":""},"categories":[1,24,80],"tags":[],"class_list":["post-37948","post","type-post","status-publish","format-standard","has-post-thumbnail","hentry","category-aktualnosci","category-biegi","category-szkoly-podstawowe","category-1","category-24","category-80","description-off"],"jetpack_featured_media_url":"https:\/\/www.mosir-ketrzyn.pl\/wp-content\/uploads\/2025\/09\/GO-Ketrzyn-2025.jpg","_links":{"self":[{"href":"https:\/\/www.mosir-ketrzyn.pl\/index.php\/wp-json\/wp\/v2\/posts\/37948","targetHints":{"allow":["GET"]}}],"collection":[{"href":"https:\/\/www.mosir-ketrzyn.pl\/index.php\/wp-json\/wp\/v2\/posts"}],"about":[{"href":"https:\/\/www.mosir-ketrzyn.pl\/index.php\/wp-json\/wp\/v2\/types\/post"}],"author":[{"embeddable":true,"href":"https:\/\/www.mosir-ketrzyn.pl\/index.php\/wp-json\/wp\/v2\/users\/2"}],"replies":[{"embeddable":true,"href":"https:\/\/www.mosir-ketrzyn.pl\/index.php\/wp-json\/wp\/v2\/comments?post=37948"}],"version-history":[{"count":2,"href":"https:\/\/www.mosir-ketrzyn.pl\/index.php\/wp-json\/wp\/v2\/posts\/37948\/revisions"}],"predecessor-version":[{"id":37951,"href":"https:\/\/www.mosir-ketrzyn.pl\/index.php\/wp-json\/wp\/v2\/posts\/37948\/revisions\/37951"}],"wp:featuredmedia":[{"embeddable":true,"href":"https:\/\/www.mosir-ketrzyn.pl\/index.php\/wp-json\/wp\/v2\/media\/37945"}],"wp:attachment":[{"href":"https:\/\/www.mosir-ketrzyn.pl\/index.php\/wp-json\/wp\/v2\/media?parent=37948"}],"wp:term":[{"taxonomy":"category","embeddable":true,"href":"https:\/\/www.mosir-ketrzyn.pl\/index.php\/wp-json\/wp\/v2\/categories?post=37948"},{"taxonomy":"post_tag","embeddable":true,"href":"https:\/\/www.mosir-ketrzyn.pl\/index.php\/wp-json\/wp\/v2\/tags?post=37948"}],"curies":[{"name":"wp","href":"https:\/\/api.w.org\/{rel}","templated":true}]}}